{"id":10609,"date":"2016-12-22T07:00:00","date_gmt":"2016-12-22T06:00:00","guid":{"rendered":"https:\/\/www.opinionpublica.tv\/portada\/2016\/12\/22\/barzonistas-por-bajo-presupuesto-para-el-campo\/"},"modified":"2016-12-22T07:00:00","modified_gmt":"2016-12-22T06:00:00","slug":"barzonistas-por-bajo-presupuesto-para-el-campo","status":"publish","type":"post","link":"https:\/\/www.opinionpublica.tv\/portada\/barzonistas-por-bajo-presupuesto-para-el-campo\/","title":{"rendered":"Barzonistas por bajo presupuesto para el campo"},"content":{"rendered":"<p><img fetchpriority=\"high\" decoding=\"async\" class=\" size-full wp-image-10608\" src=\"https:\/\/www.opinionpublica.tv\/portada\/wp-content\/uploads\/2016\/12\/1f5c29a49dd7652e80304c6808fd5d38.jpg\" alt=\"\" width=\"768\" height=\"769\" srcset=\"https:\/\/www.opinionpublica.tv\/portada\/wp-content\/uploads\/2016\/12\/1f5c29a49dd7652e80304c6808fd5d38.jpg 768w, https:\/\/www.opinionpublica.tv\/portada\/wp-content\/uploads\/2016\/12\/1f5c29a49dd7652e80304c6808fd5d38-300x300.jpg 300w, https:\/\/www.opinionpublica.tv\/portada\/wp-content\/uploads\/2016\/12\/1f5c29a49dd7652e80304c6808fd5d38-150x150.jpg 150w\" sizes=\"(max-width: 768px) 100vw, 768px\" \/><br \/>\n<!--more--><\/p>\n<p style=\"text-align: justify;\">Con el objetivo de impedir que se apruebe el presupuesto del gobierno para el 2017, el l\u00edder del Barz\u00f3n Heraclio Rodr\u00edguez se\u00f1al\u00f3 que se manifestar\u00e1 en la sesi\u00f3n de Congreso del Estado, hasta que esta se baje y sea analizada nuevamente.<\/p>\n<p style=\"font-weight: 300; text-align: justify;\">\u00a0\u201cA pesar de que en el discurso los diputados locales comprometieron\u00a0 su apoyo y solidaridad con la gente del campo, esto no se ve reflejado en el presupuesto de egresos para el sector rural\u201d\u00a0 as\u00ed lo expres\u00f3 Yako Rodr\u00edguez, l\u00edder estatal del Barz\u00f3n.<\/p>\n<p style=\"font-weight: 300; text-align: justify;\">En este sentido, el l\u00edder campesino asegur\u00f3 que de\u00a0 no existir un presupuesto real para el campo a trav\u00e9s del cual se logren atender las necesidades del sector social rural, el\u00a0 Barz\u00f3n romper\u00e1 relaciones con el Congreso del Estado, y con esto impedir\u00e1 cualquier participaci\u00f3n de los legisladores locales en las reuniones donde se traten temas del sector agropecuario, lo anterior sentenci\u00f3,\u00a0 \u201cpor no cumplir su palabra de apoyar al medio rural\u201d.<\/p>\n<p style=\"font-weight: 300; text-align: justify;\">Yako Rodr\u00edguez fue enf\u00e1tico al decir que los diputados locales parecen desconocer la importancia del sector rural en Chihuahua, ya que \u00e9ste aporta cerca del 30 por ciento del PIB del estado y es il\u00f3gico que siquiera est\u00e9n considerando asignar el punto treinta y siete por ciento (.37%) del presupuesto, \u201cesto es una falta de respeto\u00a0 y falta de corresponsabilidad\u201d agreg\u00f3.<\/p>\n<p style=\"font-weight: 300; text-align: justify;\">A raz\u00f3n de lo anterior, el Barz\u00f3n de Chihuahua pronunci\u00f3 a favor de conformar un Programa Especial Concurrente Estatal,\u00a0 mediante el cual se establezca cu\u00e1nto dinero se le destinar\u00eda al sector rural en materia de salud, de educaci\u00f3n, alimentaci\u00f3n, etc., no solamente las actividades productivas.<\/p>\n","protected":false},"excerpt":{"rendered":"","protected":false},"author":1,"featured_media":10608,"comment_status":"open","ping_status":"open","sticky":false,"template":"","format":"standard","meta":{"_acf_changed":false,"_monsterinsights_skip_tracking":false,"slim_seo":{"title":"Barzonistas por bajo presupuesto para el campo - Opini\u00f3n P\u00fablica","description":"Con el objetivo de impedir que se apruebe el presupuesto del gobierno para el 2017, el l\u00edder del Barz\u00f3n Heraclio Rodr\u00edguez se\u00f1al\u00f3 que se manifestar\u00e1 en la sesi\u00f3"},"footnotes":""},"categories":[4],"tags":[],"class_list":["post-10609","post","type-post","status-publish","format-standard","has-post-thumbnail","hentry","category-pulsopolitico"],"acf":[],"_links":{"self":[{"href":"https:\/\/www.opinionpublica.tv\/portada\/wp-json\/wp\/v2\/posts\/10609","targetHints":{"allow":["GET"]}}],"collection":[{"href":"https:\/\/www.opinionpublica.tv\/portada\/wp-json\/wp\/v2\/posts"}],"about":[{"href":"https:\/\/www.opinionpublica.tv\/portada\/wp-json\/wp\/v2\/types\/post"}],"author":[{"embeddable":true,"href":"https:\/\/www.opinionpublica.tv\/portada\/wp-json\/wp\/v2\/users\/1"}],"replies":[{"embeddable":true,"href":"https:\/\/www.opinionpublica.tv\/portada\/wp-json\/wp\/v2\/comments?post=10609"}],"version-history":[{"count":0,"href":"https:\/\/www.opinionpublica.tv\/portada\/wp-json\/wp\/v2\/posts\/10609\/revisions"}],"wp:featuredmedia":[{"embeddable":true,"href":"https:\/\/www.opinionpublica.tv\/portada\/wp-json\/wp\/v2\/media\/10608"}],"wp:attachment":[{"href":"https:\/\/www.opinionpublica.tv\/portada\/wp-json\/wp\/v2\/media?parent=10609"}],"wp:term":[{"taxonomy":"category","embeddable":true,"href":"https:\/\/www.opinionpublica.tv\/portada\/wp-json\/wp\/v2\/categories?post=10609"},{"taxonomy":"post_tag","embeddable":true,"href":"https:\/\/www.opinionpublica.tv\/portada\/wp-json\/wp\/v2\/tags?post=10609"}],"curies":[{"name":"wp","href":"https:\/\/api.w.org\/{rel}","templated":true}]}}