{"id":10607,"date":"2016-12-22T07:00:00","date_gmt":"2016-12-22T06:00:00","guid":{"rendered":"https:\/\/www.opinionpublica.tv\/portada\/2016\/12\/22\/desmienten-rumor-sobre-sueldos-ocultos-en-el-iee\/"},"modified":"2016-12-22T07:00:00","modified_gmt":"2016-12-22T06:00:00","slug":"desmienten-rumor-sobre-sueldos-ocultos-en-el-iee","status":"publish","type":"post","link":"https:\/\/www.opinionpublica.tv\/portada\/desmienten-rumor-sobre-sueldos-ocultos-en-el-iee\/","title":{"rendered":"Desmienten rumor sobre sueldos ocultos en el IEE"},"content":{"rendered":"<p><img fetchpriority=\"high\" decoding=\"async\" class=\" size-full wp-image-10606\" src=\"https:\/\/www.opinionpublica.tv\/portada\/wp-content\/uploads\/2016\/12\/def41c16ecd47d3e98a6509e1ff6fca0.jpg\" alt=\"\" width=\"664\" height=\"498\" srcset=\"https:\/\/www.opinionpublica.tv\/portada\/wp-content\/uploads\/2016\/12\/def41c16ecd47d3e98a6509e1ff6fca0.jpg 664w, https:\/\/www.opinionpublica.tv\/portada\/wp-content\/uploads\/2016\/12\/def41c16ecd47d3e98a6509e1ff6fca0-300x225.jpg 300w\" sizes=\"(max-width: 664px) 100vw, 664px\" \/><br \/>\n<!--more--><\/p>\n<p style=\"font-weight: 300; text-align: justify;\">Los Consejeros Electorales que conforman el Consejo Estatal del Instituto Estatal Electoral, precisaron este d\u00eda que los datos vertidos en algunos medios de comunicaci\u00f3n sobre los supuestos sobresueldos ocultos en el proyecto presupuestal para el a\u00f1o 2017, son incorrectos.<\/p>\n<p style=\"font-weight: 300; text-align: justify;\">En este sentido, el Consejo Estatal confirma la existencia de una partida presupuestal cuyo nombre es \u00abhonorarios asimilados a salarios\u00bb, detallando que este no se trata de sobresueldos a los consejeros electorales, sino que contempla los honorarios de los asesores y personal de apoyo de los integrantes del \u00f3rgano electoral del a\u00f1o siguiente.<\/p>\n<p style=\"font-weight: 300; text-align: justify;\">Por ello explicaron que las percepciones de los Consejeros se describen en el tabulador, fue aprobado en el Acuerdo de Proyecto de Presupuesto del Instituto, mismo que se emiti\u00f3 el 15 de Octubre del a\u00f1o en curso.<\/p>\n<p style=\"font-weight: 300; text-align: justify;\">Los consejeros electorales reiteran su disposici\u00f3n para ajustar el proyecto de presupuesto del a\u00f1o entrante, siempre velando por el eficaz, eficiente y funcional desarrollo de la instituci\u00f3n y del proceso electoral que se avecina.<\/p>\n<p style=\"font-weight: 300; text-align: justify;\">Finalmente agregaron que las labores del Instituto se manejan en total transparencia y bajo la cultura de la rendici\u00f3n de cuentas.<\/p>\n","protected":false},"excerpt":{"rendered":"","protected":false},"author":1,"featured_media":10606,"comment_status":"open","ping_status":"open","sticky":false,"template":"","format":"standard","meta":{"_acf_changed":false,"_monsterinsights_skip_tracking":false,"slim_seo":{"title":"Desmienten rumor sobre sueldos ocultos en el IEE - Opini\u00f3n P\u00fablica","description":"Los Consejeros Electorales que conforman el Consejo Estatal del Instituto Estatal Electoral, precisaron este d\u00eda que los datos vertidos en algunos medios de com"},"footnotes":""},"categories":[4],"tags":[],"class_list":["post-10607","post","type-post","status-publish","format-standard","has-post-thumbnail","hentry","category-pulsopolitico"],"acf":[],"_links":{"self":[{"href":"https:\/\/www.opinionpublica.tv\/portada\/wp-json\/wp\/v2\/posts\/10607","targetHints":{"allow":["GET"]}}],"collection":[{"href":"https:\/\/www.opinionpublica.tv\/portada\/wp-json\/wp\/v2\/posts"}],"about":[{"href":"https:\/\/www.opinionpublica.tv\/portada\/wp-json\/wp\/v2\/types\/post"}],"author":[{"embeddable":true,"href":"https:\/\/www.opinionpublica.tv\/portada\/wp-json\/wp\/v2\/users\/1"}],"replies":[{"embeddable":true,"href":"https:\/\/www.opinionpublica.tv\/portada\/wp-json\/wp\/v2\/comments?post=10607"}],"version-history":[{"count":0,"href":"https:\/\/www.opinionpublica.tv\/portada\/wp-json\/wp\/v2\/posts\/10607\/revisions"}],"wp:featuredmedia":[{"embeddable":true,"href":"https:\/\/www.opinionpublica.tv\/portada\/wp-json\/wp\/v2\/media\/10606"}],"wp:attachment":[{"href":"https:\/\/www.opinionpublica.tv\/portada\/wp-json\/wp\/v2\/media?parent=10607"}],"wp:term":[{"taxonomy":"category","embeddable":true,"href":"https:\/\/www.opinionpublica.tv\/portada\/wp-json\/wp\/v2\/categories?post=10607"},{"taxonomy":"post_tag","embeddable":true,"href":"https:\/\/www.opinionpublica.tv\/portada\/wp-json\/wp\/v2\/tags?post=10607"}],"curies":[{"name":"wp","href":"https:\/\/api.w.org\/{rel}","templated":true}]}}