{"id":10585,"date":"2016-12-22T07:00:00","date_gmt":"2016-12-22T06:00:00","guid":{"rendered":"https:\/\/www.opinionpublica.tv\/portada\/2016\/12\/22\/nuevo-frente-frio-trae-lluvias\/"},"modified":"2016-12-22T07:00:00","modified_gmt":"2016-12-22T06:00:00","slug":"nuevo-frente-frio-trae-lluvias","status":"publish","type":"post","link":"https:\/\/www.opinionpublica.tv\/portada\/nuevo-frente-frio-trae-lluvias\/","title":{"rendered":"Nuevo frente fr\u00edo trae lluvias"},"content":{"rendered":"<p><img fetchpriority=\"high\" decoding=\"async\" class=\" size-full wp-image-10584\" src=\"https:\/\/www.opinionpublica.tv\/portada\/wp-content\/uploads\/2016\/12\/de2515d2ad2c4a393fdc85fd62d3263b.jpg\" alt=\"\" width=\"600\" height=\"400\" srcset=\"https:\/\/www.opinionpublica.tv\/portada\/wp-content\/uploads\/2016\/12\/de2515d2ad2c4a393fdc85fd62d3263b.jpg 600w, https:\/\/www.opinionpublica.tv\/portada\/wp-content\/uploads\/2016\/12\/de2515d2ad2c4a393fdc85fd62d3263b-300x200.jpg 300w\" sizes=\"(max-width: 600px) 100vw, 600px\" \/><br \/>\n<!--more--><\/p>\n<p style=\"text-align: justify;\">Este jueves\u00a0ingres\u00f3 a la regi\u00f3n el frente fr\u00edo n\u00famero 16 de la temporada, que traer\u00e1 consigo un aumento en la probabilidad de lluvia para los siguientes d\u00edas, coment\u00f3 Efr\u00e9n Matamoros Barraza, titular de la Direcci\u00f3n General de Protecci\u00f3n Civil.<\/p>\n<p style=\"text-align: justify;\">Indic\u00f3, que se espera que la temperatura descienda un par de grados en comparaci\u00f3n con los \u00faltimos d\u00edas, con lluvias de moderadas a intensas a lo largo del jueves y viernes.<\/p>\n<p style=\"text-align: justify;\">Para hoy, jueves 22, la temperatura m\u00e1xima podr\u00eda ubicarse en los 12 grados cent\u00edgrados con una probabilidad de 60 por ciento de lluvias durante el d\u00eda.<\/p>\n<p style=\"text-align: justify;\">Por la noche, la m\u00ednima descender\u00e1 a los 7, mientras que la probabilidad de precipitaci\u00f3n pluvial disminuye al 40 por ciento.<\/p>\n<p style=\"text-align: justify;\">Respecto al viernes 23 de diciembre, la temperatura m\u00e1xima prevista es de 15 grados cent\u00edgrados y la m\u00ednima en los 7, con probabilidad de lluvias aisladas en un 20 por ciento.<\/p>\n<p>\u00a0<\/p>\n","protected":false},"excerpt":{"rendered":"","protected":false},"author":1,"featured_media":10584,"comment_status":"open","ping_status":"open","sticky":false,"template":"","format":"standard","meta":{"_acf_changed":false,"_monsterinsights_skip_tracking":false,"slim_seo":{"title":"Nuevo frente fr\u00edo trae lluvias - Opini\u00f3n P\u00fablica","description":"Este jueves\u00a0ingres\u00f3 a la regi\u00f3n el frente fr\u00edo n\u00famero 16 de la temporada, que traer\u00e1 consigo un aumento en la probabilidad de lluvia para los siguientes d\u00edas, c"},"footnotes":""},"categories":[5],"tags":[],"class_list":["post-10585","post","type-post","status-publish","format-standard","has-post-thumbnail","hentry","category-frontera"],"acf":[],"_links":{"self":[{"href":"https:\/\/www.opinionpublica.tv\/portada\/wp-json\/wp\/v2\/posts\/10585","targetHints":{"allow":["GET"]}}],"collection":[{"href":"https:\/\/www.opinionpublica.tv\/portada\/wp-json\/wp\/v2\/posts"}],"about":[{"href":"https:\/\/www.opinionpublica.tv\/portada\/wp-json\/wp\/v2\/types\/post"}],"author":[{"embeddable":true,"href":"https:\/\/www.opinionpublica.tv\/portada\/wp-json\/wp\/v2\/users\/1"}],"replies":[{"embeddable":true,"href":"https:\/\/www.opinionpublica.tv\/portada\/wp-json\/wp\/v2\/comments?post=10585"}],"version-history":[{"count":0,"href":"https:\/\/www.opinionpublica.tv\/portada\/wp-json\/wp\/v2\/posts\/10585\/revisions"}],"wp:featuredmedia":[{"embeddable":true,"href":"https:\/\/www.opinionpublica.tv\/portada\/wp-json\/wp\/v2\/media\/10584"}],"wp:attachment":[{"href":"https:\/\/www.opinionpublica.tv\/portada\/wp-json\/wp\/v2\/media?parent=10585"}],"wp:term":[{"taxonomy":"category","embeddable":true,"href":"https:\/\/www.opinionpublica.tv\/portada\/wp-json\/wp\/v2\/categories?post=10585"},{"taxonomy":"post_tag","embeddable":true,"href":"https:\/\/www.opinionpublica.tv\/portada\/wp-json\/wp\/v2\/tags?post=10585"}],"curies":[{"name":"wp","href":"https:\/\/api.w.org\/{rel}","templated":true}]}}