{"id":10583,"date":"2016-12-22T07:00:00","date_gmt":"2016-12-22T06:00:00","guid":{"rendered":"https:\/\/www.opinionpublica.tv\/portada\/2016\/12\/22\/campana-de-maria-grazia-chiuri-en-dior\/"},"modified":"2016-12-22T07:00:00","modified_gmt":"2016-12-22T06:00:00","slug":"campana-de-maria-grazia-chiuri-en-dior","status":"publish","type":"post","link":"https:\/\/www.opinionpublica.tv\/portada\/campana-de-maria-grazia-chiuri-en-dior\/","title":{"rendered":"Campa\u00f1a de Maria Grazia Chiuri en Dior"},"content":{"rendered":"<p><img fetchpriority=\"high\" decoding=\"async\" class=\" size-full wp-image-10582\" src=\"https:\/\/www.opinionpublica.tv\/portada\/wp-content\/uploads\/2016\/12\/947996830259ca56eff14683b8bab0a9.jpg\" alt=\"\" width=\"1366\" height=\"884\" srcset=\"https:\/\/www.opinionpublica.tv\/portada\/wp-content\/uploads\/2016\/12\/947996830259ca56eff14683b8bab0a9.jpg 1366w, https:\/\/www.opinionpublica.tv\/portada\/wp-content\/uploads\/2016\/12\/947996830259ca56eff14683b8bab0a9-300x194.jpg 300w, https:\/\/www.opinionpublica.tv\/portada\/wp-content\/uploads\/2016\/12\/947996830259ca56eff14683b8bab0a9-1024x663.jpg 1024w, https:\/\/www.opinionpublica.tv\/portada\/wp-content\/uploads\/2016\/12\/947996830259ca56eff14683b8bab0a9-768x497.jpg 768w\" sizes=\"(max-width: 1366px) 100vw, 1366px\" \/><br \/>\n<!--more--><\/p>\n<p style=\"text-align: justify;\">Christian Dior nos ense\u00f1a la primera campa\u00f1a de Maria Grazia Chiurial frente de la maison. Se trata de la campa\u00f1a Primavera-Verano 2017protagonizada por las gemelas Ruth y May Bell, cuya belleza singular es perfecta para mostrar lo que quiere expresar la creadora, y a las que vemos en unas im\u00e1genes cargadas de sensualidad y buen gusto.<\/p>\n<div style=\"text-align: justify;\">\n<div><img decoding=\"async\" src=\"https:\/\/i.blogs.es\/2458e6\/dior_ss17_campaign_01\/450_1000.jpg\" srcset=\"https:\/\/i.blogs.es\/2458e6\/dior_ss17_campaign_01\/450_1000.jpg 450w, https:\/\/i.blogs.es\/2458e6\/dior_ss17_campaign_01\/650_1200.jpg 681w, https:\/\/i.blogs.es\/2458e6\/dior_ss17_campaign_01\/1024_2000.jpg 1024w, https:\/\/i.blogs.es\/2458e6\/dior_ss17_campaign_01\/1366_2000.jpg 1366w\" alt=\"Dior Ss17 Campaign 01\" \/><\/div>\n<\/div>\n<p style=\"text-align: justify;\">La campa\u00f1a forma parte de un amplio proyecto: &#8216;The Woman Behind the Lens&#8217;, un cuerpo de trabajo fotogr\u00e1fico hecho exclusivamente por mujeres que dan su visi\u00f3n m\u00e1s personal de la colecci\u00f3n, una visi\u00f3n feminista que ya vimos en el desfile. Las im\u00e1genes han sido realizadas la fot\u00f3grafa francesa Brigitte Lacombe, conocida por sus reportajes y retratos \u00edntimos.<\/p>\n<p style=\"text-align: justify;\">En una serie de escenas puramente est\u00e9ticas, Lacombe subraya la clara diferencia de caracteres de cada una de estas hermanas gemelas, con el fin de ilustrar la percepci\u00f3n de la dise\u00f1adora sobre la concepci\u00f3n de la feminidad de Dior: \u00abMe esfuerzo por estar siempre alerta y abrirme al mundo para crear moda que se asemeje con la mujer de hoy en d\u00eda. Moda que corresponde al cambio en las necesidades de la mujer, se libera de los estereotipos categ\u00f3ricos de lo \u00abmasculino\/femenino\u00bb, \u00abjoven\/no tan joven\u00bb, \u00abraz\u00f3n\/emoci\u00f3n\u00bb, que, no obstante, surgen tambi\u00e9n como aspectos complementarios\u00bb.<\/p>\n<div style=\"text-align: justify;\">\n<div><img decoding=\"async\" src=\"https:\/\/i.blogs.es\/cb8b33\/dior_ss17_campaign_03\/450_1000.jpg\" srcset=\"https:\/\/i.blogs.es\/cb8b33\/dior_ss17_campaign_03\/450_1000.jpg 450w, https:\/\/i.blogs.es\/cb8b33\/dior_ss17_campaign_03\/650_1200.jpg 681w, https:\/\/i.blogs.es\/cb8b33\/dior_ss17_campaign_03\/1024_2000.jpg 1024w, https:\/\/i.blogs.es\/cb8b33\/dior_ss17_campaign_03\/1366_2000.jpg 1366w\" alt=\"Dior Ss17 Campaign 03\" \/><\/div>\n<\/div>\n<p style=\"text-align: justify;\">La colecci\u00f3n desprende sensualidad y romanticismo con prendas de tul bordado, faldas largas y vestidos tambi\u00e9n de tul, con detalles de estrellas combinadas con una biker roja y un jersey de punto. Un look que vimos hace muy poco a Jennifer Lawrence en la *premiere* de Passengers en Par\u00eds.<\/p>\n<div class=\"article-asset-summary article-asset-normal\">\n<div class=\"asset-content\">\n<div class=\"sumario\"><img decoding=\"async\" class=\"centro_sinmarco\" src=\"https:\/\/i.blogs.es\/96dc3d\/dior_ss17_campaign_02\/450_1000.jpg\" srcset=\"https:\/\/i.blogs.es\/96dc3d\/dior_ss17_campaign_02\/450_1000.jpg 450w, https:\/\/i.blogs.es\/96dc3d\/dior_ss17_campaign_02\/650_1200.jpg 681w, https:\/\/i.blogs.es\/96dc3d\/dior_ss17_campaign_02\/1024_2000.jpg 1024w, https:\/\/i.blogs.es\/96dc3d\/dior_ss17_campaign_02\/1366_2000.jpg 1366w\" alt=\"Dior Ss17 Campaign 02\" \/><\/div>\n<\/div>\n<\/div>\n<div class=\"article-asset-image article-asset-normal\">\u00a0<\/div>\n","protected":false},"excerpt":{"rendered":"","protected":false},"author":1,"featured_media":10582,"comment_status":"open","ping_status":"open","sticky":false,"template":"","format":"standard","meta":{"_acf_changed":false,"_monsterinsights_skip_tracking":false,"slim_seo":{"title":"Campa\u00f1a de Maria Grazia Chiuri en Dior - Opini\u00f3n P\u00fablica","description":"Christian Dior nos ense\u00f1a la primera campa\u00f1a de Maria Grazia Chiurial frente de la maison. Se trata de la campa\u00f1a Primavera-Verano 2017protagonizada por las gem"},"footnotes":""},"categories":[28],"tags":[],"class_list":["post-10583","post","type-post","status-publish","format-standard","has-post-thumbnail","hentry","category-bienestar-salud"],"acf":[],"_links":{"self":[{"href":"https:\/\/www.opinionpublica.tv\/portada\/wp-json\/wp\/v2\/posts\/10583","targetHints":{"allow":["GET"]}}],"collection":[{"href":"https:\/\/www.opinionpublica.tv\/portada\/wp-json\/wp\/v2\/posts"}],"about":[{"href":"https:\/\/www.opinionpublica.tv\/portada\/wp-json\/wp\/v2\/types\/post"}],"author":[{"embeddable":true,"href":"https:\/\/www.opinionpublica.tv\/portada\/wp-json\/wp\/v2\/users\/1"}],"replies":[{"embeddable":true,"href":"https:\/\/www.opinionpublica.tv\/portada\/wp-json\/wp\/v2\/comments?post=10583"}],"version-history":[{"count":0,"href":"https:\/\/www.opinionpublica.tv\/portada\/wp-json\/wp\/v2\/posts\/10583\/revisions"}],"wp:featuredmedia":[{"embeddable":true,"href":"https:\/\/www.opinionpublica.tv\/portada\/wp-json\/wp\/v2\/media\/10582"}],"wp:attachment":[{"href":"https:\/\/www.opinionpublica.tv\/portada\/wp-json\/wp\/v2\/media?parent=10583"}],"wp:term":[{"taxonomy":"category","embeddable":true,"href":"https:\/\/www.opinionpublica.tv\/portada\/wp-json\/wp\/v2\/categories?post=10583"},{"taxonomy":"post_tag","embeddable":true,"href":"https:\/\/www.opinionpublica.tv\/portada\/wp-json\/wp\/v2\/tags?post=10583"}],"curies":[{"name":"wp","href":"https:\/\/api.w.org\/{rel}","templated":true}]}}