{"id":10581,"date":"2016-12-22T07:00:00","date_gmt":"2016-12-22T06:00:00","guid":{"rendered":"https:\/\/www.opinionpublica.tv\/portada\/2016\/12\/22\/se-puede-ser-alergico-a-los-besos\/"},"modified":"2016-12-22T07:00:00","modified_gmt":"2016-12-22T06:00:00","slug":"se-puede-ser-alergico-a-los-besos","status":"publish","type":"post","link":"https:\/\/www.opinionpublica.tv\/portada\/se-puede-ser-alergico-a-los-besos\/","title":{"rendered":"\u00bfSe puede ser al\u00e9rgico a los besos?"},"content":{"rendered":"<p><img fetchpriority=\"high\" decoding=\"async\" class=\" size-full wp-image-10580\" src=\"https:\/\/www.opinionpublica.tv\/portada\/wp-content\/uploads\/2016\/12\/6c1295254c1fd77b0bf5c280d7c50593.jpg\" alt=\"\" width=\"595\" height=\"395\" srcset=\"https:\/\/www.opinionpublica.tv\/portada\/wp-content\/uploads\/2016\/12\/6c1295254c1fd77b0bf5c280d7c50593.jpg 595w, https:\/\/www.opinionpublica.tv\/portada\/wp-content\/uploads\/2016\/12\/6c1295254c1fd77b0bf5c280d7c50593-300x199.jpg 300w\" sizes=\"(max-width: 595px) 100vw, 595px\" \/><br \/>\n<!--more--><\/p>\n<div id=\"paragraph_1\">\n<p style=\"text-align: justify;\">A m\u00e1s de uno le ha pasado ya: una noche sale a tomar unas copas, conoce a alguien que le parece especial y, mientras se est\u00e1n besando,\u00a0nota que empieza a sufrir picores y que incluso le cuesta respirar \u2013y no es debido al momento de pasi\u00f3n\u2013. Adem\u00e1s, su acompa\u00f1ante le explica que efectivamente tiene la cara ligeramente hinchada.\u00a0<\/p>\n<p style=\"text-align: justify;\">\u00bfAcaso esa persona es al\u00e9rgica a los besos? En realidad, no son los \u00f3sculos los que provocan una reacci\u00f3n al\u00e9rgica, sino\u00a0los restos de medicinas y, sobre todo, de alimentos, como por ejemplo los\u00a0frutos secos,\u00a0que pueden transmitirse a trav\u00e9s de la saliva o los labios.<\/p>\n<p style=\"text-align: justify;\">Una de las caracter\u00edsticas de esta modalidad de alergia es que los s\u00edntomas se manifiestan de forma instant\u00e1nea, en menos de un minuto. Lo m\u00e1s habitual es que se produzcan picores, inflamaci\u00f3n y urticaria, pero en los casos m\u00e1s graves pueden aparecer problemas respiratorios.<\/p>\n<\/div>\n<div id=\"paragraph_2\">\n<p style=\"text-align: justify;\">Los especialistas insisten en que se conozca esta forma de transmisi\u00f3n, porque la mayor parte de los al\u00e9rgicos, por ejemplo, a los cacahuetes, piensa que la reacci\u00f3n solo ocurre con la ingesta. Sin embargo, pueden permanecer trazas del alimento hasta en los cubiertos.<\/p>\n<p style=\"text-align: justify;\">\u00bfHay que renunciar a los besos si nos hemos tomado un pu\u00f1ado de cacahuetes? Un grupo de investigadores del Departamento de Qu\u00edmica Anal\u00edtica de la Universidad Complutense de Madrid ha hallado la soluci\u00f3n para que no sea necesaria una medida tan dr\u00e1stica: un biosensor que detecta las prote\u00ednas al\u00e9rgicas de este fruto seco en una muestra m\u00ednima de saliva. Aunque quede raro sacarlo antes de un arrebato de cari\u00f1o o pasional, en este caso el remedio es mejor que la enfermedad.<\/p>\n<\/div>\n","protected":false},"excerpt":{"rendered":"","protected":false},"author":1,"featured_media":10580,"comment_status":"open","ping_status":"open","sticky":false,"template":"","format":"standard","meta":{"_acf_changed":false,"_monsterinsights_skip_tracking":false,"slim_seo":{"title":"\u00bfSe puede ser al\u00e9rgico a los besos? - Opini\u00f3n P\u00fablica","description":"A m\u00e1s de uno le ha pasado ya: una noche sale a tomar unas copas, conoce a alguien que le parece especial y, mientras se est\u00e1n besando,\u00a0nota que empieza a sufrir"},"footnotes":""},"categories":[28],"tags":[],"class_list":["post-10581","post","type-post","status-publish","format-standard","has-post-thumbnail","hentry","category-bienestar-salud"],"acf":[],"_links":{"self":[{"href":"https:\/\/www.opinionpublica.tv\/portada\/wp-json\/wp\/v2\/posts\/10581","targetHints":{"allow":["GET"]}}],"collection":[{"href":"https:\/\/www.opinionpublica.tv\/portada\/wp-json\/wp\/v2\/posts"}],"about":[{"href":"https:\/\/www.opinionpublica.tv\/portada\/wp-json\/wp\/v2\/types\/post"}],"author":[{"embeddable":true,"href":"https:\/\/www.opinionpublica.tv\/portada\/wp-json\/wp\/v2\/users\/1"}],"replies":[{"embeddable":true,"href":"https:\/\/www.opinionpublica.tv\/portada\/wp-json\/wp\/v2\/comments?post=10581"}],"version-history":[{"count":0,"href":"https:\/\/www.opinionpublica.tv\/portada\/wp-json\/wp\/v2\/posts\/10581\/revisions"}],"wp:featuredmedia":[{"embeddable":true,"href":"https:\/\/www.opinionpublica.tv\/portada\/wp-json\/wp\/v2\/media\/10580"}],"wp:attachment":[{"href":"https:\/\/www.opinionpublica.tv\/portada\/wp-json\/wp\/v2\/media?parent=10581"}],"wp:term":[{"taxonomy":"category","embeddable":true,"href":"https:\/\/www.opinionpublica.tv\/portada\/wp-json\/wp\/v2\/categories?post=10581"},{"taxonomy":"post_tag","embeddable":true,"href":"https:\/\/www.opinionpublica.tv\/portada\/wp-json\/wp\/v2\/tags?post=10581"}],"curies":[{"name":"wp","href":"https:\/\/api.w.org\/{rel}","templated":true}]}}