{"id":10575,"date":"2016-12-22T07:00:00","date_gmt":"2016-12-22T06:00:00","guid":{"rendered":"https:\/\/www.opinionpublica.tv\/portada\/2016\/12\/22\/video-la-onu-sugiere-que-el-ejercito-sirio-es-responsable-de-bombardeo\/"},"modified":"2016-12-22T07:00:00","modified_gmt":"2016-12-22T06:00:00","slug":"video-la-onu-sugiere-que-el-ejercito-sirio-es-responsable-de-bombardeo","status":"publish","type":"post","link":"https:\/\/www.opinionpublica.tv\/portada\/video-la-onu-sugiere-que-el-ejercito-sirio-es-responsable-de-bombardeo\/","title":{"rendered":"Video: La ONU sugiere que el Ej\u00e9rcito sirio es responsable de bombardeo"},"content":{"rendered":"<p><img fetchpriority=\"high\" decoding=\"async\" class=\" size-full wp-image-10574\" src=\"https:\/\/www.opinionpublica.tv\/portada\/wp-content\/uploads\/2016\/12\/e91d4bffb3740293782b8a84b3f916e9.jpg\" alt=\"\" width=\"720\" height=\"480\" srcset=\"https:\/\/www.opinionpublica.tv\/portada\/wp-content\/uploads\/2016\/12\/e91d4bffb3740293782b8a84b3f916e9.jpg 720w, https:\/\/www.opinionpublica.tv\/portada\/wp-content\/uploads\/2016\/12\/e91d4bffb3740293782b8a84b3f916e9-300x200.jpg 300w\" sizes=\"(max-width: 720px) 100vw, 720px\" \/><br \/>\n<!--more--><\/p>\n<p style=\"text-align: justify;\">La investigaci\u00f3n de la <span class=\"caps\">ONU<\/span> sobre el bombardeo de un convoy humanitario en Siria en septiembre pasado a las afueras de Alepo concluye sin identificar a los responsables.<\/p>\n<p style=\"text-align: justify;\">Aunque, la comisi\u00f3n s\u00ed ha conclu\u00eddo que el ataque en el que murieron 10 personas se produjo desde el aire. Los expertos se\u00f1alan que s\u00f3lo el Ej\u00e9rcito sirio, Rusia y la coalici\u00f3n liderada por Estados Unidos tienen capacidad para realizar un ataque as\u00ed. Los investigadores se\u00f1alan que es \u201cmuy poco probable\u201d que la coalici\u00f3n estuviese involucrada y que los indicios apuntan al Ej\u00e9rcito sirio, aunque sin conclusi\u00f3n definitiva.<\/p>\n<div class=\"k2_video\"><iframe title=\"La ONU sugiere que el Ej\u00e9rcito sirio es responsable del bombardeo de un convoy humanitario en\u2026\" width=\"800\" height=\"450\" src=\"https:\/\/www.youtube.com\/embed\/-DG38zcOdMQ?feature=oembed\" frameborder=\"0\" allow=\"accelerometer; autoplay; clipboard-write; encrypted-media; gyroscope; picture-in-picture; web-share\" referrerpolicy=\"strict-origin-when-cross-origin\" allowfullscreen><\/iframe>\n<\/div>\n","protected":false},"excerpt":{"rendered":"","protected":false},"author":1,"featured_media":10574,"comment_status":"open","ping_status":"open","sticky":false,"template":"","format":"standard","meta":{"_acf_changed":false,"_monsterinsights_skip_tracking":false,"slim_seo":{"title":"Video: La ONU sugiere que el Ej\u00e9rcito sirio es responsable de bombardeo - Opini\u00f3n P\u00fablica","description":"La investigaci\u00f3n de la ONU sobre el bombardeo de un convoy humanitario en Siria en septiembre pasado a las afueras de Alepo concluye sin identificar a los respo"},"footnotes":""},"categories":[8],"tags":[],"class_list":["post-10575","post","type-post","status-publish","format-standard","has-post-thumbnail","hentry","category-videos"],"acf":[],"_links":{"self":[{"href":"https:\/\/www.opinionpublica.tv\/portada\/wp-json\/wp\/v2\/posts\/10575","targetHints":{"allow":["GET"]}}],"collection":[{"href":"https:\/\/www.opinionpublica.tv\/portada\/wp-json\/wp\/v2\/posts"}],"about":[{"href":"https:\/\/www.opinionpublica.tv\/portada\/wp-json\/wp\/v2\/types\/post"}],"author":[{"embeddable":true,"href":"https:\/\/www.opinionpublica.tv\/portada\/wp-json\/wp\/v2\/users\/1"}],"replies":[{"embeddable":true,"href":"https:\/\/www.opinionpublica.tv\/portada\/wp-json\/wp\/v2\/comments?post=10575"}],"version-history":[{"count":0,"href":"https:\/\/www.opinionpublica.tv\/portada\/wp-json\/wp\/v2\/posts\/10575\/revisions"}],"wp:featuredmedia":[{"embeddable":true,"href":"https:\/\/www.opinionpublica.tv\/portada\/wp-json\/wp\/v2\/media\/10574"}],"wp:attachment":[{"href":"https:\/\/www.opinionpublica.tv\/portada\/wp-json\/wp\/v2\/media?parent=10575"}],"wp:term":[{"taxonomy":"category","embeddable":true,"href":"https:\/\/www.opinionpublica.tv\/portada\/wp-json\/wp\/v2\/categories?post=10575"},{"taxonomy":"post_tag","embeddable":true,"href":"https:\/\/www.opinionpublica.tv\/portada\/wp-json\/wp\/v2\/tags?post=10575"}],"curies":[{"name":"wp","href":"https:\/\/api.w.org\/{rel}","templated":true}]}}