{"id":10569,"date":"2016-12-22T07:00:00","date_gmt":"2016-12-22T06:00:00","guid":{"rendered":"https:\/\/www.opinionpublica.tv\/portada\/2016\/12\/22\/epn-visitara-a-lesionados-por-explosion-en-tultepec\/"},"modified":"2016-12-22T07:00:00","modified_gmt":"2016-12-22T06:00:00","slug":"epn-visitara-a-lesionados-por-explosion-en-tultepec","status":"publish","type":"post","link":"https:\/\/www.opinionpublica.tv\/portada\/epn-visitara-a-lesionados-por-explosion-en-tultepec\/","title":{"rendered":"EPN visitar\u00e1 a lesionados por explosi\u00f3n en Tultepec"},"content":{"rendered":"<p><img fetchpriority=\"high\" decoding=\"async\" class=\" size-full wp-image-10568\" src=\"https:\/\/www.opinionpublica.tv\/portada\/wp-content\/uploads\/2016\/12\/6a4c9a5bdf802d0d903da5e05d7246b1.jpg\" alt=\"\" width=\"1000\" height=\"704\" srcset=\"https:\/\/www.opinionpublica.tv\/portada\/wp-content\/uploads\/2016\/12\/6a4c9a5bdf802d0d903da5e05d7246b1.jpg 1000w, https:\/\/www.opinionpublica.tv\/portada\/wp-content\/uploads\/2016\/12\/6a4c9a5bdf802d0d903da5e05d7246b1-300x211.jpg 300w, https:\/\/www.opinionpublica.tv\/portada\/wp-content\/uploads\/2016\/12\/6a4c9a5bdf802d0d903da5e05d7246b1-768x541.jpg 768w\" sizes=\"(max-width: 1000px) 100vw, 1000px\" \/><br \/>\n<!--more--><\/p>\n<p style=\"text-align: justify;\">El presidente Enrique Pe\u00f1a Nieto visitar\u00e1 esta ma\u00f1ana a las personas que resultaron lesionadas el pasado martes 20 de diciembre, luego de la explosi\u00f3n en el mercado de pirotecnia de San Pablito en Tultepec, Estado de M\u00e9xico.<\/p>\n<p style=\"text-align: justify;\">El mandatario asistir\u00e1 despu\u00e9s de las 10 de la ma\u00f1ana al Hospital de Alta Especialidad de Zumpango, acompa\u00f1ado del gobernador estatal, Eruviel \u00c1vila Villegas, y del secretario de Salud Federal, Jos\u00e9 Narro Robles.<\/p>\n<p style=\"text-align: justify;\">El Ejecutivo ha girado la instrucci\u00f3n de brindar todas las atenciones m\u00e9dicas a las personas que resultaron lesionadas en esta tragedia y los apoyos necesarios a los familiares de quienes murieron a causa de las quemaduras.<\/p>\n<p style=\"text-align: justify;\">M\u00e1s tarde, el presidente Pe\u00f1a Nieto estar\u00e1 en Ecatepec, donde encabezar\u00e1 la ceremonia por el 201 aniversario de la muerte del General\u00edsimo Jos\u00e9 Mar\u00eda Morelos y Pav\u00f3n, que se desarrollar\u00e1 en la Casa Morelos.\u00a0\u00a0\u00a0\u00a0\u00a0\u00a0\u00a0\u00a0\u00a0\u00a0<\/p>\n<p style=\"text-align: justify;\">Informaci\u00f3n de Exc\u00e9lsior<\/p>\n","protected":false},"excerpt":{"rendered":"","protected":false},"author":1,"featured_media":10568,"comment_status":"open","ping_status":"open","sticky":false,"template":"","format":"standard","meta":{"_acf_changed":false,"_monsterinsights_skip_tracking":false,"slim_seo":{"title":"EPN visitar\u00e1 a lesionados por explosi\u00f3n en Tultepec - Opini\u00f3n P\u00fablica","description":"El presidente Enrique Pe\u00f1a Nieto visitar\u00e1 esta ma\u00f1ana a las personas que resultaron lesionadas el pasado martes 20 de diciembre, luego de la explosi\u00f3n en el mer"},"footnotes":""},"categories":[9],"tags":[],"class_list":["post-10569","post","type-post","status-publish","format-standard","has-post-thumbnail","hentry","category-nacional"],"acf":[],"_links":{"self":[{"href":"https:\/\/www.opinionpublica.tv\/portada\/wp-json\/wp\/v2\/posts\/10569","targetHints":{"allow":["GET"]}}],"collection":[{"href":"https:\/\/www.opinionpublica.tv\/portada\/wp-json\/wp\/v2\/posts"}],"about":[{"href":"https:\/\/www.opinionpublica.tv\/portada\/wp-json\/wp\/v2\/types\/post"}],"author":[{"embeddable":true,"href":"https:\/\/www.opinionpublica.tv\/portada\/wp-json\/wp\/v2\/users\/1"}],"replies":[{"embeddable":true,"href":"https:\/\/www.opinionpublica.tv\/portada\/wp-json\/wp\/v2\/comments?post=10569"}],"version-history":[{"count":0,"href":"https:\/\/www.opinionpublica.tv\/portada\/wp-json\/wp\/v2\/posts\/10569\/revisions"}],"wp:featuredmedia":[{"embeddable":true,"href":"https:\/\/www.opinionpublica.tv\/portada\/wp-json\/wp\/v2\/media\/10568"}],"wp:attachment":[{"href":"https:\/\/www.opinionpublica.tv\/portada\/wp-json\/wp\/v2\/media?parent=10569"}],"wp:term":[{"taxonomy":"category","embeddable":true,"href":"https:\/\/www.opinionpublica.tv\/portada\/wp-json\/wp\/v2\/categories?post=10569"},{"taxonomy":"post_tag","embeddable":true,"href":"https:\/\/www.opinionpublica.tv\/portada\/wp-json\/wp\/v2\/tags?post=10569"}],"curies":[{"name":"wp","href":"https:\/\/api.w.org\/{rel}","templated":true}]}}