{"id":10567,"date":"2016-12-22T07:00:00","date_gmt":"2016-12-22T06:00:00","guid":{"rendered":"https:\/\/www.opinionpublica.tv\/portada\/2016\/12\/22\/trump-nombra-a-kellyanne-conway-como-consejera-presidencial\/"},"modified":"2016-12-22T07:00:00","modified_gmt":"2016-12-22T06:00:00","slug":"trump-nombra-a-kellyanne-conway-como-consejera-presidencial","status":"publish","type":"post","link":"https:\/\/www.opinionpublica.tv\/portada\/trump-nombra-a-kellyanne-conway-como-consejera-presidencial\/","title":{"rendered":"Trump nombra a Kellyanne Conway como consejera presidencial"},"content":{"rendered":"<p><img fetchpriority=\"high\" decoding=\"async\" class=\" size-full wp-image-10566\" src=\"https:\/\/www.opinionpublica.tv\/portada\/wp-content\/uploads\/2016\/12\/ab0a900574424ad987929b81b9c55241-scaled.jpg\" alt=\"\" width=\"2560\" height=\"1740\" srcset=\"https:\/\/www.opinionpublica.tv\/portada\/wp-content\/uploads\/2016\/12\/ab0a900574424ad987929b81b9c55241-scaled.jpg 2560w, https:\/\/www.opinionpublica.tv\/portada\/wp-content\/uploads\/2016\/12\/ab0a900574424ad987929b81b9c55241-300x204.jpg 300w\" sizes=\"(max-width: 2560px) 100vw, 2560px\" \/><br \/>\n<!--more--><\/p>\n<p style=\"text-align: justify;\">El presidente electo de Estados Unidos, Donald Trump, nombr\u00f3 hoy a Kellyanne Conway, su directora de campa\u00f1a durante el ciclo electoral, como consejera presidencial, anunci\u00f3 el futuro mandatario en un comunicado.<\/p>\n<p style=\"text-align: justify;\">Conway, quien hab\u00eda sonado como posible portavoz y era una clara candidata a obtener un puesto importante en el Gobierno Trump, formar\u00e1 parte del equipo de liderazgo del Ala Oeste entre el equipo m\u00e1s cercano al multimillonario.<\/p>\n<blockquote>\n<p>Kellyanne Conway ha sido una asesora y estratega de confianza que desempe\u00f1\u00f3 un papel crucial en mi victoria\u00bb, dijo Trump en su anuncio.<\/p>\n<\/blockquote>\n<p style=\"text-align: justify;\">Conway, veterana encuestadora y estratega pol\u00edtica, se convirti\u00f3 en la primera mujer en la historia en manejar una campa\u00f1a presidencial ganadora.<\/p>\n<p style=\"text-align: justify;\">El comunicado de prensa del equipo de transici\u00f3n de Trump indic\u00f3 que, debido al liderazgo de Conway, la victoria de Trump \u00abrompi\u00f3 el techo de cristal para las mujeres\u00bb.<\/p>\n<p style=\"text-align: justify;\">Conway se uni\u00f3 a la campa\u00f1a de Trump durante las elecciones generales y ayud\u00f3 a dar forma al mensaje del magnate en sus horas m\u00e1s bajas, as\u00ed como dise\u00f1\u00f3 su estrategia para capturar m\u00e1s voto femenino.<\/p>\n","protected":false},"excerpt":{"rendered":"","protected":false},"author":1,"featured_media":10566,"comment_status":"open","ping_status":"open","sticky":false,"template":"","format":"standard","meta":{"_acf_changed":false,"_monsterinsights_skip_tracking":false,"slim_seo":{"title":"Trump nombra a Kellyanne Conway como consejera presidencial - Opini\u00f3n P\u00fablica","description":"El presidente electo de Estados Unidos, Donald Trump, nombr\u00f3 hoy a Kellyanne Conway, su directora de campa\u00f1a durante el ciclo electoral, como consejera presiden"},"footnotes":""},"categories":[24],"tags":[],"class_list":["post-10567","post","type-post","status-publish","format-standard","has-post-thumbnail","hentry","category-estados-unidos"],"acf":[],"_links":{"self":[{"href":"https:\/\/www.opinionpublica.tv\/portada\/wp-json\/wp\/v2\/posts\/10567","targetHints":{"allow":["GET"]}}],"collection":[{"href":"https:\/\/www.opinionpublica.tv\/portada\/wp-json\/wp\/v2\/posts"}],"about":[{"href":"https:\/\/www.opinionpublica.tv\/portada\/wp-json\/wp\/v2\/types\/post"}],"author":[{"embeddable":true,"href":"https:\/\/www.opinionpublica.tv\/portada\/wp-json\/wp\/v2\/users\/1"}],"replies":[{"embeddable":true,"href":"https:\/\/www.opinionpublica.tv\/portada\/wp-json\/wp\/v2\/comments?post=10567"}],"version-history":[{"count":0,"href":"https:\/\/www.opinionpublica.tv\/portada\/wp-json\/wp\/v2\/posts\/10567\/revisions"}],"wp:featuredmedia":[{"embeddable":true,"href":"https:\/\/www.opinionpublica.tv\/portada\/wp-json\/wp\/v2\/media\/10566"}],"wp:attachment":[{"href":"https:\/\/www.opinionpublica.tv\/portada\/wp-json\/wp\/v2\/media?parent=10567"}],"wp:term":[{"taxonomy":"category","embeddable":true,"href":"https:\/\/www.opinionpublica.tv\/portada\/wp-json\/wp\/v2\/categories?post=10567"},{"taxonomy":"post_tag","embeddable":true,"href":"https:\/\/www.opinionpublica.tv\/portada\/wp-json\/wp\/v2\/tags?post=10567"}],"curies":[{"name":"wp","href":"https:\/\/api.w.org\/{rel}","templated":true}]}}