{"id":10557,"date":"2016-12-21T07:00:00","date_gmt":"2016-12-21T06:00:00","guid":{"rendered":"https:\/\/www.opinionpublica.tv\/portada\/2016\/12\/21\/mexico-entre-los-10-mejores-paises-turisticos-sectur\/"},"modified":"2016-12-21T07:00:00","modified_gmt":"2016-12-21T06:00:00","slug":"mexico-entre-los-10-mejores-paises-turisticos-sectur","status":"publish","type":"post","link":"https:\/\/www.opinionpublica.tv\/portada\/mexico-entre-los-10-mejores-paises-turisticos-sectur\/","title":{"rendered":"M\u00e9xico, entre los 10 mejores pa\u00edses tur\u00edsticos: Sectur"},"content":{"rendered":"<p><img fetchpriority=\"high\" decoding=\"async\" class=\" size-full wp-image-10556\" src=\"https:\/\/www.opinionpublica.tv\/portada\/wp-content\/uploads\/2016\/12\/b6b09aef4483fe5fb248360c7cd47451.jpg\" alt=\"\" width=\"1024\" height=\"678\" srcset=\"https:\/\/www.opinionpublica.tv\/portada\/wp-content\/uploads\/2016\/12\/b6b09aef4483fe5fb248360c7cd47451.jpg 1024w, https:\/\/www.opinionpublica.tv\/portada\/wp-content\/uploads\/2016\/12\/b6b09aef4483fe5fb248360c7cd47451-300x199.jpg 300w, https:\/\/www.opinionpublica.tv\/portada\/wp-content\/uploads\/2016\/12\/b6b09aef4483fe5fb248360c7cd47451-768x509.jpg 768w\" sizes=\"(max-width: 1024px) 100vw, 1024px\" \/><br \/>\n<!--more--><\/p>\n<p style=\"text-align: justify;\">El titular de la Secretar\u00eda de Turismo (Sectur), Enrique de la Madrid Cordero, dio a conocer que la recepci\u00f3n de turistas internacionales en M\u00e9xico creci\u00f3 siete veces m\u00e1s durante los primeros tres a\u00f1os de la actual administraci\u00f3n federal, comparada con el mismo lapso del gobierno pasado.<\/p>\n<p style=\"text-align: justify;\">Gracias a este incremento, M\u00e9xico regres\u00f3 al \u201ctop 10\u201d de pa\u00edses m\u00e1s visitados por turistas a nivel internacional, seg\u00fan el ranking de la Organizaci\u00f3n Mundial del Turismo.<\/p>\n<p style=\"text-align: justify;\">El mayor incremento del ingreso de divisas se registr\u00f3 durante el periodo 2013-2015, con la entrada de 5 mil millones de d\u00f3lares m\u00e1s que en la administraci\u00f3n pasada, seg\u00fan explic\u00f3 el funcionario.<\/p>\n<p style=\"text-align: justify;\">Agreg\u00f3 que, mientras que al cierre de 2009 el saldo de la balanza tur\u00edstica registr\u00f3 ingresos por 4 mil 305 millones de d\u00f3lares, durante 2015 se alcanzaron ingresos de 7 mil 636 millones de d\u00f3lares.<\/p>\n<p style=\"text-align: justify;\">De la Madrid Cordero asever\u00f3 los avances del sector se deben \u201cal compromiso y coordinaci\u00f3n con los gobiernos estatales; un ejemplo de ello es la inversi\u00f3n del Fondo Nacional de Fomento al Turismo (Fonatur) para la realizaci\u00f3n de trabajos de infraestructura y mejoramiento urbano de diversos destinos de la entidad\u201d.<\/p>\n<p style=\"text-align: justify;\">Destac\u00f3 que durante los primeros diez meses de 2016 se registr\u00f3 la llegada de 28.2 millones de turistas internacionales al pa\u00eds, un incremento de 9.3% respecto al mismo periodo de 2015. En el mismo periodo, se captaron 15 mil 869 millones de d\u00f3lares, 10% m\u00e1s que el a\u00f1o pasado.<\/p>\n","protected":false},"excerpt":{"rendered":"","protected":false},"author":4,"featured_media":10556,"comment_status":"open","ping_status":"open","sticky":false,"template":"","format":"standard","meta":{"_acf_changed":false,"_monsterinsights_skip_tracking":false,"slim_seo":{"title":"M\u00e9xico, entre los 10 mejores pa\u00edses tur\u00edsticos: Sectur - Opini\u00f3n P\u00fablica","description":"El titular de la Secretar\u00eda de Turismo (Sectur), Enrique de la Madrid Cordero, dio a conocer que la recepci\u00f3n de turistas internacionales en M\u00e9xico creci\u00f3 siete"},"footnotes":""},"categories":[9],"tags":[],"class_list":["post-10557","post","type-post","status-publish","format-standard","has-post-thumbnail","hentry","category-nacional"],"acf":[],"_links":{"self":[{"href":"https:\/\/www.opinionpublica.tv\/portada\/wp-json\/wp\/v2\/posts\/10557","targetHints":{"allow":["GET"]}}],"collection":[{"href":"https:\/\/www.opinionpublica.tv\/portada\/wp-json\/wp\/v2\/posts"}],"about":[{"href":"https:\/\/www.opinionpublica.tv\/portada\/wp-json\/wp\/v2\/types\/post"}],"author":[{"embeddable":true,"href":"https:\/\/www.opinionpublica.tv\/portada\/wp-json\/wp\/v2\/users\/4"}],"replies":[{"embeddable":true,"href":"https:\/\/www.opinionpublica.tv\/portada\/wp-json\/wp\/v2\/comments?post=10557"}],"version-history":[{"count":0,"href":"https:\/\/www.opinionpublica.tv\/portada\/wp-json\/wp\/v2\/posts\/10557\/revisions"}],"wp:featuredmedia":[{"embeddable":true,"href":"https:\/\/www.opinionpublica.tv\/portada\/wp-json\/wp\/v2\/media\/10556"}],"wp:attachment":[{"href":"https:\/\/www.opinionpublica.tv\/portada\/wp-json\/wp\/v2\/media?parent=10557"}],"wp:term":[{"taxonomy":"category","embeddable":true,"href":"https:\/\/www.opinionpublica.tv\/portada\/wp-json\/wp\/v2\/categories?post=10557"},{"taxonomy":"post_tag","embeddable":true,"href":"https:\/\/www.opinionpublica.tv\/portada\/wp-json\/wp\/v2\/tags?post=10557"}],"curies":[{"name":"wp","href":"https:\/\/api.w.org\/{rel}","templated":true}]}}