{"id":10549,"date":"2016-12-21T07:00:00","date_gmt":"2016-12-21T06:00:00","guid":{"rendered":"https:\/\/www.opinionpublica.tv\/portada\/2016\/12\/21\/autobus-de-juarez-vuelca-en-zacatecas-pierden-la-vida-6\/"},"modified":"2016-12-21T07:00:00","modified_gmt":"2016-12-21T06:00:00","slug":"autobus-de-juarez-vuelca-en-zacatecas-pierden-la-vida-6","status":"publish","type":"post","link":"https:\/\/www.opinionpublica.tv\/portada\/autobus-de-juarez-vuelca-en-zacatecas-pierden-la-vida-6\/","title":{"rendered":"Autob\u00fas de Ju\u00e1rez vuelca en Zacatecas; pierden la vida 6"},"content":{"rendered":"<p><img fetchpriority=\"high\" decoding=\"async\" class=\" size-full wp-image-10548\" src=\"https:\/\/www.opinionpublica.tv\/portada\/wp-content\/uploads\/2016\/12\/0adf0928e9d06913a64e0c849c233518.jpg\" alt=\"\" width=\"640\" height=\"360\" srcset=\"https:\/\/www.opinionpublica.tv\/portada\/wp-content\/uploads\/2016\/12\/0adf0928e9d06913a64e0c849c233518.jpg 640w, https:\/\/www.opinionpublica.tv\/portada\/wp-content\/uploads\/2016\/12\/0adf0928e9d06913a64e0c849c233518-300x169.jpg 300w\" sizes=\"(max-width: 640px) 100vw, 640px\" \/><br \/>\n<!--more--><\/p>\n<p style=\"text-align: justify;\">Un autob\u00fas con 28 pasajeros procedentes de Ciudad Ju\u00e1rez, volc\u00f3 en la carretera Zacatecas- Aguascalientes, terminando con la vida de 6 de los pasajeros. Entre quienes perdieron la vida se encontraba una mujer embarazada y un menor de edad.<\/p>\n<p style=\"text-align: justify;\">De acuerdo con la Direcci\u00f3n de Protecci\u00f3n Civil de Zacatecas, el accidente ocurri\u00f3 sobre la carretera federal 45. Tambi\u00e9n informaron el accidente ocurri\u00f3 porque el chofer iba a exceso de velocidad. Agregaron que el chofer del cami\u00f3n de la l\u00ednea Meneses huy\u00f3 de la escena.<\/p>\n<p style=\"text-align: justify;\">La zona fue delimitada por elementos de la Polic\u00eda Municipal, Estatal y Federal, mientras personal del Semefo levanto los cuerpos de los fallecidos.<\/p>\n<p style=\"text-align: justify;\">Las victimas fallecidas son cuatro mujeres, una ni\u00f1a y un hombre. Al menos 14 personas resultaron lesionadas, por lo que fueron trasladadas a recibir atenci\u00f3n m\u00e9dica por parte de la Cruz Roja.<\/p>\n","protected":false},"excerpt":{"rendered":"","protected":false},"author":4,"featured_media":10548,"comment_status":"open","ping_status":"open","sticky":false,"template":"","format":"standard","meta":{"_acf_changed":false,"_monsterinsights_skip_tracking":false,"slim_seo":{"title":"Autob\u00fas de Ju\u00e1rez vuelca en Zacatecas; pierden la vida 6 - Opini\u00f3n P\u00fablica","description":"Un autob\u00fas con 28 pasajeros procedentes de Ciudad Ju\u00e1rez, volc\u00f3 en la carretera Zacatecas- Aguascalientes, terminando con la vida de 6 de los pasajeros. Entre q"},"footnotes":""},"categories":[5],"tags":[],"class_list":["post-10549","post","type-post","status-publish","format-standard","has-post-thumbnail","hentry","category-frontera"],"acf":[],"_links":{"self":[{"href":"https:\/\/www.opinionpublica.tv\/portada\/wp-json\/wp\/v2\/posts\/10549","targetHints":{"allow":["GET"]}}],"collection":[{"href":"https:\/\/www.opinionpublica.tv\/portada\/wp-json\/wp\/v2\/posts"}],"about":[{"href":"https:\/\/www.opinionpublica.tv\/portada\/wp-json\/wp\/v2\/types\/post"}],"author":[{"embeddable":true,"href":"https:\/\/www.opinionpublica.tv\/portada\/wp-json\/wp\/v2\/users\/4"}],"replies":[{"embeddable":true,"href":"https:\/\/www.opinionpublica.tv\/portada\/wp-json\/wp\/v2\/comments?post=10549"}],"version-history":[{"count":0,"href":"https:\/\/www.opinionpublica.tv\/portada\/wp-json\/wp\/v2\/posts\/10549\/revisions"}],"wp:featuredmedia":[{"embeddable":true,"href":"https:\/\/www.opinionpublica.tv\/portada\/wp-json\/wp\/v2\/media\/10548"}],"wp:attachment":[{"href":"https:\/\/www.opinionpublica.tv\/portada\/wp-json\/wp\/v2\/media?parent=10549"}],"wp:term":[{"taxonomy":"category","embeddable":true,"href":"https:\/\/www.opinionpublica.tv\/portada\/wp-json\/wp\/v2\/categories?post=10549"},{"taxonomy":"post_tag","embeddable":true,"href":"https:\/\/www.opinionpublica.tv\/portada\/wp-json\/wp\/v2\/tags?post=10549"}],"curies":[{"name":"wp","href":"https:\/\/api.w.org\/{rel}","templated":true}]}}