{"id":10524,"date":"2016-12-21T07:00:00","date_gmt":"2016-12-21T06:00:00","guid":{"rendered":"https:\/\/www.opinionpublica.tv\/portada\/2016\/12\/21\/ciudadania-no-puede-almacenar-o-vender-pirotecnia\/"},"modified":"2016-12-21T07:00:00","modified_gmt":"2016-12-21T06:00:00","slug":"ciudadania-no-puede-almacenar-o-vender-pirotecnia","status":"publish","type":"post","link":"https:\/\/www.opinionpublica.tv\/portada\/ciudadania-no-puede-almacenar-o-vender-pirotecnia\/","title":{"rendered":"Ciudadan\u00eda no puede almacenar o vender pirotecnia"},"content":{"rendered":"<p><img fetchpriority=\"high\" decoding=\"async\" class=\" size-full wp-image-10523\" src=\"https:\/\/www.opinionpublica.tv\/portada\/wp-content\/uploads\/2016\/12\/d74775ff1c813a8a489fb902a67abb87.jpg\" alt=\"\" width=\"634\" height=\"395\" srcset=\"https:\/\/www.opinionpublica.tv\/portada\/wp-content\/uploads\/2016\/12\/d74775ff1c813a8a489fb902a67abb87.jpg 634w, https:\/\/www.opinionpublica.tv\/portada\/wp-content\/uploads\/2016\/12\/d74775ff1c813a8a489fb902a67abb87-300x187.jpg 300w\" sizes=\"(max-width: 634px) 100vw, 634px\" \/><br \/>\n<!--more--><\/p>\n<p style=\"text-align: justify;\">El Director de Protecci\u00f3n Civil, Efr\u00e9n Matamoros\u00a0en Ciudad Ju\u00e1rez expres\u00f3 que la ciudadan\u00eda no puede\u00a0vender o almacenar pirotecnia, \u00a0por lo que pidi\u00f3 denunciar cuando vea esta actividad.<\/p>\n<p style=\"text-align: justify;\">Mencion\u00f3 que ciudadanos no deben hacer uso de artefactos explosivos como palomitas, cohetes, chirladores, esto ante la reciente explosi\u00f3n en el mercado de Tultepec.<\/p>\n<p style=\"text-align: justify;\">As\u00ed mismo dijo que Ju\u00e1rez ha sido testigo de accidentes como el de\u00a0la colonia Azteca donde perdi\u00f3 la vida una persona.<\/p>\n<p style=\"text-align: justify;\">Adem\u00e1s del 2015 ni\u00f1o al momento de prender un palomita, le tron\u00f3 en la mano y de produjo impacto en el coraz\u00f3n y finalmente perdi\u00f3 la vida.<\/p>\n<p>\u00a0<\/p>\n","protected":false},"excerpt":{"rendered":"","protected":false},"author":1,"featured_media":10523,"comment_status":"open","ping_status":"open","sticky":false,"template":"","format":"standard","meta":{"_acf_changed":false,"_monsterinsights_skip_tracking":false,"slim_seo":{"title":"Ciudadan\u00eda no puede almacenar o vender pirotecnia - Opini\u00f3n P\u00fablica","description":"El Director de Protecci\u00f3n Civil, Efr\u00e9n Matamoros\u00a0en Ciudad Ju\u00e1rez expres\u00f3 que la ciudadan\u00eda no puede\u00a0vender o almacenar pirotecnia, \u00a0por lo que pidi\u00f3 denunciar"},"footnotes":""},"categories":[5],"tags":[],"class_list":["post-10524","post","type-post","status-publish","format-standard","has-post-thumbnail","hentry","category-frontera"],"acf":[],"_links":{"self":[{"href":"https:\/\/www.opinionpublica.tv\/portada\/wp-json\/wp\/v2\/posts\/10524","targetHints":{"allow":["GET"]}}],"collection":[{"href":"https:\/\/www.opinionpublica.tv\/portada\/wp-json\/wp\/v2\/posts"}],"about":[{"href":"https:\/\/www.opinionpublica.tv\/portada\/wp-json\/wp\/v2\/types\/post"}],"author":[{"embeddable":true,"href":"https:\/\/www.opinionpublica.tv\/portada\/wp-json\/wp\/v2\/users\/1"}],"replies":[{"embeddable":true,"href":"https:\/\/www.opinionpublica.tv\/portada\/wp-json\/wp\/v2\/comments?post=10524"}],"version-history":[{"count":0,"href":"https:\/\/www.opinionpublica.tv\/portada\/wp-json\/wp\/v2\/posts\/10524\/revisions"}],"wp:featuredmedia":[{"embeddable":true,"href":"https:\/\/www.opinionpublica.tv\/portada\/wp-json\/wp\/v2\/media\/10523"}],"wp:attachment":[{"href":"https:\/\/www.opinionpublica.tv\/portada\/wp-json\/wp\/v2\/media?parent=10524"}],"wp:term":[{"taxonomy":"category","embeddable":true,"href":"https:\/\/www.opinionpublica.tv\/portada\/wp-json\/wp\/v2\/categories?post=10524"},{"taxonomy":"post_tag","embeddable":true,"href":"https:\/\/www.opinionpublica.tv\/portada\/wp-json\/wp\/v2\/tags?post=10524"}],"curies":[{"name":"wp","href":"https:\/\/api.w.org\/{rel}","templated":true}]}}