{"id":10469,"date":"2016-12-20T07:00:00","date_gmt":"2016-12-20T06:00:00","guid":{"rendered":"https:\/\/www.opinionpublica.tv\/portada\/2016\/12\/20\/invitan-a-tramitar-permisos-de-vigilantes-de-automoviles\/"},"modified":"2016-12-20T07:00:00","modified_gmt":"2016-12-20T06:00:00","slug":"invitan-a-tramitar-permisos-de-vigilantes-de-automoviles","status":"publish","type":"post","link":"https:\/\/www.opinionpublica.tv\/portada\/invitan-a-tramitar-permisos-de-vigilantes-de-automoviles\/","title":{"rendered":"Invitan a tramitar permisos de vigilantes de autom\u00f3viles"},"content":{"rendered":"<p><img fetchpriority=\"high\" decoding=\"async\" class=\" size-full wp-image-10468\" src=\"https:\/\/www.opinionpublica.tv\/portada\/wp-content\/uploads\/2016\/12\/59325d8c7736810fd6ea5d7cbc48a612.jpg\" alt=\"\" width=\"1094\" height=\"730\" srcset=\"https:\/\/www.opinionpublica.tv\/portada\/wp-content\/uploads\/2016\/12\/59325d8c7736810fd6ea5d7cbc48a612.jpg 1094w, https:\/\/www.opinionpublica.tv\/portada\/wp-content\/uploads\/2016\/12\/59325d8c7736810fd6ea5d7cbc48a612-300x200.jpg 300w, https:\/\/www.opinionpublica.tv\/portada\/wp-content\/uploads\/2016\/12\/59325d8c7736810fd6ea5d7cbc48a612-1024x683.jpg 1024w, https:\/\/www.opinionpublica.tv\/portada\/wp-content\/uploads\/2016\/12\/59325d8c7736810fd6ea5d7cbc48a612-768x512.jpg 768w\" sizes=\"(max-width: 1094px) 100vw, 1094px\" \/><br \/>\n<!--more--><\/p>\n<p style=\"text-align: justify;\">La Direcci\u00f3n de Estacion\u00f3metros lanza un exhorto para tramitar ante la dependencia el permiso que avala el servicio que ofrecen los denominados \u201cparqueros\u201d en la ciudad. \u00a0<\/p>\n<p style=\"text-align: justify;\">\u201cQueremos que las personas que ofrecen el servicio de acomodo de veh\u00edculos en plazas, corredores comerciales o en otros puntos de la ciudad, se regularicen y puedan trabajar dentro de la legalidad, es por ello que los invitamos a tramitar su gafete ante esta direcci\u00f3n\u201d coment\u00f3 Arturo Alejandro Canseca Cabrera, director municipal de Estacion\u00f3metros.<\/p>\n<p style=\"text-align: justify;\">Mencion\u00f3 que el pasado viernes 16 de diciembre, la Direcci\u00f3n de Estacion\u00f3metros, en coordinaci\u00f3n con la Secretaria de Seguridad P\u00fablica Municipal, realiz\u00f3 un operativo de inspecci\u00f3n en el corredor G\u00f3mez Mor\u00edn para erradicar pr\u00e1cticas ilegales de parqueros en la zona.<\/p>\n<p style=\"text-align: justify;\">\u201cDebido a pl\u00e1ticas con los coordinadores del corredor G\u00f3mez Mor\u00edn llegamos al acuerdo de realizar un operativo, para normar a todos los vigilantes de autom\u00f3viles que operan en la vialidad\u201d coment\u00f3 el titular.<\/p>\n<p style=\"text-align: justify;\">Canseca Cabrera se\u00f1al\u00f3, que los comerciantes manifestaron su preocupaci\u00f3n, en torno a que la funci\u00f3n de los vigilantes de autom\u00f3viles se preste para cometer actos il\u00edcitos en perjuicio de los clientes de sus establecimientos.<\/p>\n<p style=\"text-align: justify;\">Durante el operativo en el cual participaron agentes de la Polic\u00eda Municipal as\u00ed como inspectores y supervisores de la direcci\u00f3n, se ubicaron y fueron retirados 12 vigilantes de autom\u00f3viles que no portaban el gafete que expide la direcci\u00f3n, el cual acredita la prestaci\u00f3n\u00a0 del servicio, as\u00ed como algunos casos en los que se exig\u00eda una cuota por estacionarse en la v\u00eda p\u00fablica.<\/p>\n","protected":false},"excerpt":{"rendered":"","protected":false},"author":1,"featured_media":10468,"comment_status":"open","ping_status":"open","sticky":false,"template":"","format":"standard","meta":{"_acf_changed":false,"_monsterinsights_skip_tracking":false,"slim_seo":{"title":"Invitan a tramitar permisos de vigilantes de autom\u00f3viles - Opini\u00f3n P\u00fablica","description":"La Direcci\u00f3n de Estacion\u00f3metros lanza un exhorto para tramitar ante la dependencia el permiso que avala el servicio que ofrecen los denominados \u201cparqueros\u201d en l"},"footnotes":""},"categories":[5],"tags":[],"class_list":["post-10469","post","type-post","status-publish","format-standard","has-post-thumbnail","hentry","category-frontera"],"acf":[],"_links":{"self":[{"href":"https:\/\/www.opinionpublica.tv\/portada\/wp-json\/wp\/v2\/posts\/10469","targetHints":{"allow":["GET"]}}],"collection":[{"href":"https:\/\/www.opinionpublica.tv\/portada\/wp-json\/wp\/v2\/posts"}],"about":[{"href":"https:\/\/www.opinionpublica.tv\/portada\/wp-json\/wp\/v2\/types\/post"}],"author":[{"embeddable":true,"href":"https:\/\/www.opinionpublica.tv\/portada\/wp-json\/wp\/v2\/users\/1"}],"replies":[{"embeddable":true,"href":"https:\/\/www.opinionpublica.tv\/portada\/wp-json\/wp\/v2\/comments?post=10469"}],"version-history":[{"count":0,"href":"https:\/\/www.opinionpublica.tv\/portada\/wp-json\/wp\/v2\/posts\/10469\/revisions"}],"wp:featuredmedia":[{"embeddable":true,"href":"https:\/\/www.opinionpublica.tv\/portada\/wp-json\/wp\/v2\/media\/10468"}],"wp:attachment":[{"href":"https:\/\/www.opinionpublica.tv\/portada\/wp-json\/wp\/v2\/media?parent=10469"}],"wp:term":[{"taxonomy":"category","embeddable":true,"href":"https:\/\/www.opinionpublica.tv\/portada\/wp-json\/wp\/v2\/categories?post=10469"},{"taxonomy":"post_tag","embeddable":true,"href":"https:\/\/www.opinionpublica.tv\/portada\/wp-json\/wp\/v2\/tags?post=10469"}],"curies":[{"name":"wp","href":"https:\/\/api.w.org\/{rel}","templated":true}]}}