{"id":10435,"date":"2016-12-20T07:00:00","date_gmt":"2016-12-20T06:00:00","guid":{"rendered":"https:\/\/www.opinionpublica.tv\/portada\/2016\/12\/20\/la-inteligencia-esta-disminuyendo-por-factores-geneticos-y-sociales\/"},"modified":"2016-12-20T07:00:00","modified_gmt":"2016-12-20T06:00:00","slug":"la-inteligencia-esta-disminuyendo-por-factores-geneticos-y-sociales","status":"publish","type":"post","link":"https:\/\/www.opinionpublica.tv\/portada\/la-inteligencia-esta-disminuyendo-por-factores-geneticos-y-sociales\/","title":{"rendered":"La inteligencia est\u00e1 disminuyendo por factores gen\u00e9ticos y sociales"},"content":{"rendered":"<p><img fetchpriority=\"high\" decoding=\"async\" class=\" size-full wp-image-10434\" src=\"https:\/\/www.opinionpublica.tv\/portada\/wp-content\/uploads\/2016\/12\/2a986e8d68c7e5870b356ccab03ac125.jpg\" alt=\"\" width=\"640\" height=\"425\" srcset=\"https:\/\/www.opinionpublica.tv\/portada\/wp-content\/uploads\/2016\/12\/2a986e8d68c7e5870b356ccab03ac125.jpg 640w, https:\/\/www.opinionpublica.tv\/portada\/wp-content\/uploads\/2016\/12\/2a986e8d68c7e5870b356ccab03ac125-300x199.jpg 300w\" sizes=\"(max-width: 640px) 100vw, 640px\" \/><br \/>\n<!--more--><\/p>\n<p style=\"text-align: justify;\">En M\u00e9xico, la\u00a0inteligencia est\u00e1 disminuyendo por factores gen\u00e9ticos y sociales, lo cual se conoce como\u00a0disgenesia poblacional, explic\u00f3\u00a0Andrew Almaz\u00e1n Anaya, director de Investigaci\u00f3n y del Departamento de Psicolog\u00eda del Centro de Atenci\u00f3n al Talento (Cedat).<span id=\"more-264107\"><\/span><\/p>\n<p style=\"text-align: justify;\">El\u00a0especialista destac\u00f3 que esto es una situaci\u00f3n preocupante, ya que\u00a0la\u00a0poblaci\u00f3n mexicana tiene un IQ promedio (coeficiente intelectual) de 86, cuando el est\u00e1ndar es de\u00a0100.\u00a0Esto, agreg\u00f3, tiene\u00a0dos razones: la selecci\u00f3n natural y la fuga de cerebros.<\/p>\n<p style=\"text-align: justify;\">\u201cCuando se va la gente talentosa del pa\u00eds junto con ella se van sus generaciones. No s\u00f3lo se pierde al joven superdotado o talentoso, se pierden las generaciones que siguen y nacer\u00e1n en otro lugar\u201d, apunt\u00f3.<\/p>\n<p style=\"text-align: justify;\">En el pa\u00eds\u00a0existen cerca de un mill\u00f3n de ni\u00f1os superdotados, pero 95 de cada 100\u00a0no han sido descubiertos.\u00a0La raz\u00f3n es simple: la superdotaci\u00f3n se suele confundir con padecimientos como autismo, Trastorno por D\u00e9ficit de Atenci\u00f3n e Hiperactividad (TDAH) o s\u00edndrome de Asperger.<\/p>\n<p style=\"text-align: justify;\">El Cedat, reconocido en 2013 por el World Council for Gifted Talented Children como el centro nacional de superdotados de M\u00e9xico, ha detectado 6,000 casos de ni\u00f1os superdotados en todo el pa\u00eds y actualmente tienen 300 casos activos, pero s\u00f3lo 25% son mujeres.<\/p>\n<p style=\"text-align: justify;\">Informaci\u00f3n de Forbes<\/p>\n","protected":false},"excerpt":{"rendered":"","protected":false},"author":1,"featured_media":10434,"comment_status":"open","ping_status":"open","sticky":false,"template":"","format":"standard","meta":{"_acf_changed":false,"_monsterinsights_skip_tracking":false,"slim_seo":{"title":"La inteligencia est\u00e1 disminuyendo por factores gen\u00e9ticos y sociales - Opini\u00f3n P\u00fablica","description":"En M\u00e9xico, la\u00a0inteligencia est\u00e1 disminuyendo por factores gen\u00e9ticos y sociales, lo cual se conoce como\u00a0disgenesia poblacional, explic\u00f3\u00a0Andrew Almaz\u00e1n Anaya, dir"},"footnotes":""},"categories":[9],"tags":[],"class_list":["post-10435","post","type-post","status-publish","format-standard","has-post-thumbnail","hentry","category-nacional"],"acf":[],"_links":{"self":[{"href":"https:\/\/www.opinionpublica.tv\/portada\/wp-json\/wp\/v2\/posts\/10435","targetHints":{"allow":["GET"]}}],"collection":[{"href":"https:\/\/www.opinionpublica.tv\/portada\/wp-json\/wp\/v2\/posts"}],"about":[{"href":"https:\/\/www.opinionpublica.tv\/portada\/wp-json\/wp\/v2\/types\/post"}],"author":[{"embeddable":true,"href":"https:\/\/www.opinionpublica.tv\/portada\/wp-json\/wp\/v2\/users\/1"}],"replies":[{"embeddable":true,"href":"https:\/\/www.opinionpublica.tv\/portada\/wp-json\/wp\/v2\/comments?post=10435"}],"version-history":[{"count":0,"href":"https:\/\/www.opinionpublica.tv\/portada\/wp-json\/wp\/v2\/posts\/10435\/revisions"}],"wp:featuredmedia":[{"embeddable":true,"href":"https:\/\/www.opinionpublica.tv\/portada\/wp-json\/wp\/v2\/media\/10434"}],"wp:attachment":[{"href":"https:\/\/www.opinionpublica.tv\/portada\/wp-json\/wp\/v2\/media?parent=10435"}],"wp:term":[{"taxonomy":"category","embeddable":true,"href":"https:\/\/www.opinionpublica.tv\/portada\/wp-json\/wp\/v2\/categories?post=10435"},{"taxonomy":"post_tag","embeddable":true,"href":"https:\/\/www.opinionpublica.tv\/portada\/wp-json\/wp\/v2\/tags?post=10435"}],"curies":[{"name":"wp","href":"https:\/\/api.w.org\/{rel}","templated":true}]}}