{"id":10427,"date":"2016-12-20T07:00:00","date_gmt":"2016-12-20T06:00:00","guid":{"rendered":"https:\/\/www.opinionpublica.tv\/portada\/2016\/12\/20\/personajes-famosos-fallecidos-en-2016\/"},"modified":"2016-12-20T07:00:00","modified_gmt":"2016-12-20T06:00:00","slug":"personajes-famosos-fallecidos-en-2016","status":"publish","type":"post","link":"https:\/\/www.opinionpublica.tv\/portada\/personajes-famosos-fallecidos-en-2016\/","title":{"rendered":"Personajes famosos fallecidos en 2016"},"content":{"rendered":"<p><img fetchpriority=\"high\" decoding=\"async\" class=\" size-full wp-image-10426\" src=\"https:\/\/www.opinionpublica.tv\/portada\/wp-content\/uploads\/2016\/12\/e61805392ab0b0a74ad58abdb76d3876.jpg\" alt=\"\" width=\"300\" height=\"168\" \/><br \/>\n<!--more--><\/p>\n<div data-gallery-module=\"1\">\n<div>\n<ul>\n<li data-slug=\"david-bowie\">\n<div>\n<figure style=\"text-align: justify;\">2016 ha sido especialmente triste en todos los \u00e1mbitos: pol\u00edtica, literatura, m\u00fasica, cine&#8230; Repasamos la lista de 25 personajes famosos que nos dijeron adi\u00f3s para siempre en 2016.<\/figure>\n<figure style=\"text-align: justify;\"><\/figure>\n<figure style=\"text-align: justify;\"><\/figure>\n<figure style=\"text-align: justify;\"><img decoding=\"async\" src=\"http:\/\/estaticos.muyinteresante.es\/media\/cache\/1000x_thumb\/uploads\/images\/gallery\/5852b2b15bafe8ab708b456a\/david-bowie_0.jpg\" alt=\"David Bowie\" data-slug=\"david-bowie\" data-realheight=\"750\" data-cutout=\"1000x_thumb\" \/><\/figure>\n<div style=\"text-align: justify;\">\n<div id=\"entry_meta\">\u00a0<\/div>\n<div>\n<div>\n<div>\u00a0<\/div>\n<div>\u00a0<\/div>\n<div>\n<div>\u00a0<\/div>\n<\/div>\n<\/div>\n<\/div>\n<\/div>\n<\/div>\n<div style=\"text-align: justify;\">\n<h2>David Bowie<\/h2>\n<div>\n<p>\u00a0<\/p>\n<p>El famoso m\u00fasico y compositor brit\u00e1nico, David Bowie, falleci\u00f3 de c\u00e1ncer de h\u00edgado el 10 de enero de 2016 en Manhattan, Nueva York (EE.UU.) tan solo dos d\u00edas despu\u00e9s de su 69\u00ba cumplea\u00f1os y del lanzamiento del \u00e1lbum \u201cBlackstar\u201d. Tras su muerte, un grupo de astr\u00f3nomos de B\u00e9lgica determin\u00f3 que un grupo de siete estrellas conformar\u00edan una constelaci\u00f3n con la forma del caracter\u00edstico rayo que Bowie se pintaba en la cara para interpretar a un personaje de su creaci\u00f3n, Ziggy Stardus. Muri\u00f3 a los 69 a\u00f1os.<\/p>\n<p>\u00a0<\/p>\n<\/div>\n<\/div>\n<\/li>\n<li style=\"text-align: justify;\" data-slug=\"leonard-cohen\">\n<div>\n<figure><img decoding=\"async\" src=\"http:\/\/estaticos.muyinteresante.es\/media\/cache\/1000x_thumb\/uploads\/images\/gallery\/5852b2b15bafe8ab708b456a\/leonard-cohen.jpg\" alt=\"Leonard Cohen\" data-slug=\"leonard-cohen\" data-realheight=\"750\" data-cutout=\"1000x_thumb\" \/><\/figure>\n<div>\n<div id=\"entry_meta\">\u00a0<\/div>\n<div>\n<div>\n<div>\u00a0<\/div>\n<div>\u00a0<\/div>\n<div>\n<div>\u00a0<\/div>\n<\/div>\n<\/div>\n<\/div>\n<\/div>\n<\/div>\n<div>\n<h2>Leonard Cohen<\/h2>\n<div>\n<p>\u00a0<\/p>\n<p>El poeta, novelista y cantautor canadiense Leonard Cohen\u00a0falleci\u00f3 mientras dorm\u00eda el 7 de noviembre de 2016 en Los \u00c1ngeles, California (EE.UU.) Fue galardonado con el Premio Pr\u00edncipe de Asturias de las Letras en 2011. Muri\u00f3 a los 82 a\u00f1os.<\/p>\n<p>\u00a0<\/p>\n<\/div>\n<\/div>\n<\/li>\n<li style=\"text-align: justify;\" data-slug=\"pete-burns\">\n<div>\n<figure><img decoding=\"async\" src=\"http:\/\/estaticos.muyinteresante.es\/media\/cache\/1000x_thumb\/uploads\/images\/gallery\/5852b2b15bafe8ab708b456a\/pete-burns.jpg\" alt=\"Pete Burns\" data-slug=\"pete-burns\" data-realheight=\"750\" data-cutout=\"1000x_thumb\" \/><\/figure>\n<div>\n<div id=\"entry_meta\">\u00a0<\/div>\n<div>\n<div>\n<div>\u00a0<\/div>\n<div>\u00a0<\/div>\n<div>\n<div>\u00a0<\/div>\n<\/div>\n<\/div>\n<\/div>\n<\/div>\n<\/div>\n<div>\n<h2>Pete Burns<\/h2>\n<div>\n<p>\u00a0<\/p>\n<p>El cantante y compositor brit\u00e1nico Pete Burns, conocido por su trabajo como l\u00edder de la banda Dead or Alive, falleci\u00f3 tras un paro card\u00edaco el 23 de octubre de 2016 en Londres (Reino Unido). Se someti\u00f3 a cirug\u00eda facial reconstructiva varias veces. Muri\u00f3 a los 57 a\u00f1os.<\/p>\n<p>\u00a0<\/p>\n<\/div>\n<\/div>\n<\/li>\n<\/ul>\n<\/div>\n<aside data-gallery-module=\"1\">\n<div id=\"dfp_gallery_muy_roba1_cultura_2\" data-dfp-idx=\"2\" data-dfp-display=\"roba1\" data-publisuffix=\"2\" data-only-mobile=\"0\">\u00a0<\/div>\n<\/aside>\n<div style=\"text-align: justify;\">\u00a0<\/div>\n<\/div>\n<div style=\"text-align: justify;\">\u00a0<\/div>\n<div style=\"text-align: justify;\" data-gallery-module=\"4\">\n<div>\n<ul>\n<li data-slug=\"rey-bhumibol-adulyadej\">\n<div>\n<figure><img decoding=\"async\" src=\"http:\/\/estaticos.muyinteresante.es\/media\/cache\/1000x_thumb\/uploads\/images\/gallery\/5852b2b15bafe8ab708b456a\/rey-bhumibol.jpg\" alt=\"Rey Bhumibol Adulyadej\" data-slug=\"rey-bhumibol-adulyadej\" data-realheight=\"750\" data-cutout=\"1000x_thumb\" \/><\/figure>\n<div>\n<div id=\"entry_meta\">\u00a0<\/div>\n<div>\n<div>\n<div>\u00a0<\/div>\n<div>\u00a0<\/div>\n<div>\n<div>\u00a0<\/div>\n<\/div>\n<\/div>\n<\/div>\n<\/div>\n<\/div>\n<div>\n<h2>Rey Bhumibol Adulyadej<\/h2>\n<div>\n<p>\u00a0<\/p>\n<p>El Rey de Tailandia, Bhumibol Adulyade, que consigui\u00f3 ser el jefe de Estado que m\u00e1s tiempo pas\u00f3 en el cargo, siete d\u00e9cadas, falleci\u00f3 a causa de su agravado estado de salud, el 13 de octubre de 2016 en Siriraj Hospital, Bangkok (Tailandia). Muri\u00f3 a los 88 a\u00f1os.<\/p>\n<p>\u00a0<\/p>\n<\/div>\n<\/div>\n<\/li>\n<li data-slug=\"shimon-peres\">\n<div>\n<figure><img decoding=\"async\" src=\"http:\/\/estaticos.muyinteresante.es\/media\/cache\/1000x_thumb\/uploads\/images\/gallery\/5852b2b15bafe8ab708b456a\/shimon-peres.jpg\" alt=\"Shimon Peres\" data-slug=\"shimon-peres\" data-realheight=\"750\" data-cutout=\"1000x_thumb\" \/><\/figure>\n<div>\n<div id=\"entry_meta\">\u00a0<\/div>\n<div>\n<div>\n<div>\u00a0<\/div>\n<div>\u00a0<\/div>\n<div>\n<div>\u00a0<\/div>\n<\/div>\n<\/div>\n<\/div>\n<\/div>\n<\/div>\n<div>\n<h2>Shimon Peres<\/h2>\n<div>\n<p>\u00a0<\/p>\n<p>El ex Primer ministro de Israel, Shimon Peres, falleci\u00f3 por causas naturales el 28 de septiembre de 2016 en el Centro M\u00e9dico Sheba, Ramat Gan (Israel). A los 84 a\u00f1os Peres fue elegido presidente de Israel, cargo que ocup\u00f3 hasta el 24 de julio de 2014. Muri\u00f3 a los 93 a\u00f1os.<\/p>\n<p>\u00a0<\/p>\n<\/div>\n<\/div>\n<\/li>\n<li data-slug=\"gene-wilder\">\n<div>\n<figure><img decoding=\"async\" src=\"http:\/\/estaticos.muyinteresante.es\/media\/cache\/1000x_thumb\/uploads\/images\/gallery\/5852b2b15bafe8ab708b456a\/gene-wilder.JPG\" alt=\"Gene Wilder\" data-slug=\"gene-wilder\" data-realheight=\"750\" data-cutout=\"1000x_thumb\" \/><\/figure>\n<div>\n<div id=\"entry_meta\">\u00a0<\/div>\n<div>\n<div>\n<div>\u00a0<\/div>\n<div>\u00a0<\/div>\n<div>\n<div>\u00a0<\/div>\n<\/div>\n<\/div>\n<\/div>\n<\/div>\n<\/div>\n<div>\n<h2>Gene Wilder<\/h2>\n<div>\n<p>\u00a0<\/p>\n<p>El actor, director y guionista estadounidense Gene Wilder falleci\u00f3 por complicaciones derivadas de la enfermedad de Alzheimer\u00a0que sufr\u00eda, el 29 de agosto de 2016 en Stamford, Connecticut (EE.UU.).\u00a0Muri\u00f3 a los 83 a\u00f1os.<\/p>\n<p>\u00a0<\/p>\n<\/div>\n<\/div>\n<\/li>\n<\/ul>\n<\/div>\n<aside data-gallery-module=\"4\">\n<div id=\"dfp_gallery_muy_roba1_cultura_5\" data-dfp-idx=\"5\" data-dfp-display=\"roba1\" data-publisuffix=\"5\" data-only-mobile=\"0\">\u00a0<\/div>\n<\/aside>\n<div>\u00a0<\/div>\n<\/div>\n<div style=\"text-align: justify;\">\u00a0<\/div>\n<div style=\"text-align: justify;\" data-gallery-module=\"7\">\n<div>\n<ul>\n<li data-slug=\"elie-wiesel\">\n<div>\n<figure><img decoding=\"async\" src=\"http:\/\/estaticos.muyinteresante.es\/media\/cache\/1000x_thumb\/uploads\/images\/gallery\/5852b2b15bafe8ab708b456a\/elie-wiesel.jpg\" alt=\"Elie Wiesel\" data-slug=\"elie-wiesel\" data-realheight=\"750\" data-cutout=\"1000x_thumb\" \/><\/figure>\n<div>\n<div id=\"entry_meta\">\u00a0<\/div>\n<div>\n<div>\n<div>\u00a0<\/div>\n<div>\u00a0<\/div>\n<div>\n<div>Elie Wiesel<\/div>\n<\/div>\n<\/div>\n<\/div>\n<\/div>\n<\/div>\n<div>\n<div>\n<p>\u00a0<\/p>\n<p>El escritor de lengua yiddish y francesa, de nacionalidad estadounidense, superviviente de los campos de concentraci\u00f3n nazis\u00a0falleci\u00f3 el 2 de julio de 2016 en Upper East Side, Nueva York (EE.UU.). Fue galardonado con el Premio Nobel de la Paz en 1986. Muri\u00f3 a los 87 a\u00f1os.<\/p>\n<p>\u00a0<\/p>\n<\/div>\n<\/div>\n<\/li>\n<li data-slug=\"prince\">\n<div>\n<figure><img decoding=\"async\" src=\"http:\/\/estaticos.muyinteresante.es\/media\/cache\/1000x_thumb\/uploads\/images\/gallery\/5852b2b15bafe8ab708b456a\/prince.jpg\" alt=\"Prince\" data-slug=\"prince\" data-realheight=\"750\" data-cutout=\"1000x_thumb\" \/><\/figure>\n<div>\n<div id=\"entry_meta\">\u00a0<\/div>\n<div>\n<div>\n<div>\u00a0<\/div>\n<div>\u00a0<\/div>\n<div>\n<div>Prince<\/div>\n<\/div>\n<\/div>\n<\/div>\n<\/div>\n<\/div>\n<div>\n<div>\n<p>\u00a0<\/p>\n<p>El cantante, compositor, productor y multiinstrumentista estadounidense conocido como Prince, falleci\u00f3 de una sobredosis de analg\u00e9sicos opi\u00e1ceos el 21 de abril de 2016 en Chanhassen, Minnesota (EE.UU.). Muri\u00f3 a los 57 a\u00f1os.<\/p>\n<p>\u00a0<\/p>\n<\/div>\n<\/div>\n<\/li>\n<li data-slug=\"nancy-reagan\">\n<div>\n<figure><img decoding=\"async\" src=\"http:\/\/estaticos.muyinteresante.es\/media\/cache\/1000x_thumb\/uploads\/images\/gallery\/5852b2b15bafe8ab708b456a\/nancy-reagan.jpg\" alt=\"Nancy Reagan\" data-slug=\"nancy-reagan\" data-realheight=\"750\" data-cutout=\"1000x_thumb\" \/><\/figure>\n<div>\n<div id=\"entry_meta\">\u00a0<\/div>\n<div>\n<div>\n<div>\u00a0<\/div>\n<div>\u00a0<\/div>\n<div>\n<div>Nancy Reagan<\/div>\n<\/div>\n<\/div>\n<\/div>\n<\/div>\n<\/div>\n<div>\n<div>\n<p>\u00a0<\/p>\n<p>La ex Primera dama de los Estados Unidos y actriz Nancy Reagan falleci\u00f3 a causa de una insuficiencia card\u00edaca\u00a0el 6 de marzo de 2016 en Bel-Air, Los \u00c1ngeles, California (EE.UU.). Muri\u00f3 a los 94 a\u00f1os.<\/p>\n<p>\u00a0<\/p>\n<\/div>\n<\/div>\n<\/li>\n<\/ul>\n<\/div>\n<aside data-gallery-module=\"7\">\n<div id=\"dfp_gallery_muy_roba1_cultura_8\" data-dfp-idx=\"8\" data-dfp-display=\"roba1\" data-publisuffix=\"8\" data-only-mobile=\"0\">\u00a0<\/div>\n<\/aside>\n<div>\u00a0<\/div>\n<\/div>\n<div style=\"text-align: justify;\">\u00a0<\/div>\n<div style=\"text-align: justify;\" data-gallery-module=\"10\">\n<div>\n<ul>\n<li data-slug=\"jon-english\">\n<div>\n<figure><img decoding=\"async\" src=\"http:\/\/estaticos.muyinteresante.es\/media\/cache\/1000x_thumb\/uploads\/images\/gallery\/5852b2b15bafe8ab708b456a\/jon-english.jpg\" alt=\"Jon English\" data-slug=\"jon-english\" data-realheight=\"750\" data-cutout=\"1000x_thumb\" \/><\/figure>\n<div>\n<div id=\"entry_meta\">\u00a0<\/div>\n<div>\n<div>\n<div>\u00a0<\/div>\n<div>\u00a0<\/div>\n<div>\n<div>\u00a0<\/div>\n<\/div>\n<\/div>\n<\/div>\n<\/div>\n<\/div>\n<div>\n<h2>Jon English<\/h2>\n<div>\n<p>\u00a0<\/p>\n<p>El cantante\u00a0Jon English falleci\u00f3 a causa de ciertas complicaciones durante una cirug\u00eda <span lang=\"es-ES\">para un aneurisma a\u00f3rtico<\/span>, el 9 de marzo de 2016 en Newcastle (Australia). Muri\u00f3 a los 66 a\u00f1os.<\/p>\n<p>\u00a0<\/p>\n<\/div>\n<\/div>\n<\/li>\n<li data-slug=\"ray-tomlinson\">\n<div>\n<figure><img decoding=\"async\" src=\"http:\/\/estaticos.muyinteresante.es\/media\/cache\/1000x_thumb\/uploads\/images\/gallery\/5852b2b15bafe8ab708b456a\/ray-tomlinson.jpg\" alt=\"Ray Tomlinson\" data-slug=\"ray-tomlinson\" data-realheight=\"750\" data-cutout=\"1000x_thumb\" \/><\/figure>\n<div>\n<div id=\"entry_meta\">\u00a0<\/div>\n<div>\n<div>\n<div>\u00a0<\/div>\n<div>\u00a0<\/div>\n<div>\n<div>\u00a0<\/div>\n<\/div>\n<\/div>\n<\/div>\n<\/div>\n<\/div>\n<div>\n<h2>Ray Tomlinson<\/h2>\n<div>\n<p>\u00a0<\/p>\n<p>Ray Tomlinson falleci\u00f3 el 5 de marzo de 2016 en Lincoln, Massachusetts (EE.UU.) por causas naturales. Fue un programador inform\u00e1tico estadounidense, conocido por implementar en 1971 el primer sistema de correo electr\u00f3nico en ARPANET, la precursora del Internet. Muri\u00f3 a los 74 a\u00f1os.<\/p>\n<p>\u00a0<\/p>\n<\/div>\n<\/div>\n<\/li>\n<li data-slug=\"umberto-eco\">\n<div>\n<figure><img decoding=\"async\" src=\"http:\/\/estaticos.muyinteresante.es\/media\/cache\/1000x_thumb\/uploads\/images\/gallery\/5852b2b15bafe8ab708b456a\/umberto-eco.JPG\" alt=\"Umberto Eco\" data-slug=\"umberto-eco\" data-realheight=\"750\" data-cutout=\"1000x_thumb\" \/><\/figure>\n<div>\n<div id=\"entry_meta\">\u00a0<\/div>\n<div>\n<div>\n<div>\u00a0<\/div>\n<div>\u00a0<\/div>\n<div>\n<div>\u00a0<\/div>\n<\/div>\n<\/div>\n<\/div>\n<\/div>\n<\/div>\n<div>\n<h2>Umberto Eco<\/h2>\n<div>\n<p>\u00a0<\/p>\n<p>Umberto Eco\u00a0fue un escritor italiano (El nombre de la rosa es su obra m\u00e1s conocida), fil\u00f3sofo y profesor de universidad. Falleci\u00f3 a causa de un c\u00e1ncer el 19 de febrero de 2016 en Mil\u00e1n (Italia). Muri\u00f3 a los 84 a\u00f1os.<\/p>\n<p>\u00a0<\/p>\n<\/div>\n<\/div>\n<\/li>\n<\/ul>\n<\/div>\n<aside data-gallery-module=\"10\">\n<div id=\"dfp_gallery_muy_roba1_cultura_11\" data-dfp-idx=\"11\" data-dfp-display=\"roba1\" data-publisuffix=\"11\" data-only-mobile=\"0\">\u00a0<\/div>\n<\/aside>\n<div>\u00a0<\/div>\n<\/div>\n<div style=\"text-align: justify;\">\u00a0<\/div>\n<div style=\"text-align: justify;\" data-gallery-module=\"13\">\n<div>\n<ul>\n<li data-slug=\"harper-lee\">\n<div>\n<figure><img decoding=\"async\" src=\"http:\/\/estaticos.muyinteresante.es\/media\/cache\/1000x_thumb\/uploads\/images\/gallery\/5852b2b15bafe8ab708b456a\/harper-lee.jpg\" alt=\"Harper Lee\" data-slug=\"harper-lee\" data-realheight=\"750\" data-cutout=\"1000x_thumb\" \/><\/figure>\n<div>\n<div id=\"entry_meta\">\u00a0<\/div>\n<div>\n<div>\n<div>\u00a0<\/div>\n<div>\u00a0<\/div>\n<div>\n<div>Harper Lee<\/div>\n<\/div>\n<\/div>\n<\/div>\n<\/div>\n<\/div>\n<div>\n<div>\n<p>\u00a0<\/p>\n<p>La escritora\u00a0estadounidense Harper Lee falleci\u00f3 mientras dorm\u00eda el 19 de febrero de 2016, en Monroeville, Alabama (EE.UU.). Su obra Matar un ruise\u00f1or fue galardonada con el Premio Pulitzer. Muri\u00f3 a los 89 a\u00f1os.<\/p>\n<p>\u00a0<\/p>\n<\/div>\n<\/div>\n<\/li>\n<li data-slug=\"glenn-frey\">\n<div>\n<figure><img decoding=\"async\" src=\"http:\/\/estaticos.muyinteresante.es\/media\/cache\/1000x_thumb\/uploads\/images\/gallery\/5852b2b15bafe8ab708b456a\/glenn-frey.jpg\" alt=\"Glenn Frey\" data-slug=\"glenn-frey\" data-realheight=\"750\" data-cutout=\"1000x_thumb\" \/><\/figure>\n<div>\n<div id=\"entry_meta\">\u00a0<\/div>\n<div>\n<div>\n<div>\u00a0<\/div>\n<div>\u00a0<\/div>\n<div>\n<div>\u00a0<\/div>\n<\/div>\n<\/div>\n<\/div>\n<\/div>\n<\/div>\n<div>\n<h2>Glenn Frey<\/h2>\n<div>\n<p>\u00a0<\/p>\n<p>El m\u00fasico estadounidense Glenn Frey falleci\u00f3 a causa de las complicaciones derivadas de una artritis\u00a0reumatoide, colitis ulcerosa aguda y neumon\u00eda el 18 de enero de 2016 en Nueva York (Estados Unidos). Fue uno de los miembros fundadores de la banda The Eagles. Muri\u00f3 a los 67 a\u00f1os.<\/p>\n<p>\u00a0<\/p>\n<\/div>\n<\/div>\n<\/li>\n<li data-slug=\"alan-rickman\">\n<div>\n<figure><img decoding=\"async\" src=\"http:\/\/estaticos.muyinteresante.es\/media\/cache\/1000x_thumb\/uploads\/images\/gallery\/5852b2b15bafe8ab708b456a\/alan-rickman.jpg\" alt=\"Alan Rickman\" data-slug=\"alan-rickman\" data-realheight=\"750\" data-cutout=\"1000x_thumb\" \/><\/figure>\n<div>\n<div id=\"entry_meta\">\u00a0<\/div>\n<div>\n<div>\n<div>\u00a0<\/div>\n<div>\u00a0<\/div>\n<div>\n<div>Alan Rickman<\/div>\n<\/div>\n<\/div>\n<\/div>\n<\/div>\n<\/div>\n<div>\n<div>\n<p>\u00a0<\/p>\n<p>El actor y director de cine brit\u00e1nico Alan Rickman falleci\u00f3 a causa de un c\u00e1ncer de p\u00e1ncreas el 14 de enero de 2016 en Londres (Reino Unido). Uno de los papeles con los que se le recordar\u00e1 con m\u00e1s cari\u00f1o es el del profesor Severus Snape en la saga de Harry Potter. Muri\u00f3 a los 69 a\u00f1os.<\/p>\n<p>\u00a0<\/p>\n<\/div>\n<\/div>\n<\/li>\n<\/ul>\n<\/div>\n<aside data-gallery-module=\"13\">\n<div id=\"dfp_gallery_muy_roba1_cultura_14\" data-dfp-idx=\"14\" data-dfp-display=\"roba1\" data-publisuffix=\"14\" data-only-mobile=\"0\">\u00a0<\/div>\n<\/aside>\n<div>\u00a0<\/div>\n<\/div>\n<div style=\"text-align: justify;\">\u00a0<\/div>\n<div style=\"text-align: justify;\" data-gallery-module=\"16\">\n<div>\n<ul>\n<li data-slug=\"maurice-white\">\n<div>\n<figure><img decoding=\"async\" src=\"http:\/\/estaticos.muyinteresante.es\/media\/cache\/1000x_thumb\/uploads\/images\/gallery\/5852b2b15bafe8ab708b456a\/maurice-white.jpg\" alt=\"Maurice White\" data-slug=\"maurice-white\" data-realheight=\"750\" data-cutout=\"1000x_thumb\" \/><\/figure>\n<div>\n<div id=\"entry_meta\">\u00a0<\/div>\n<div>\n<div>\n<div>\u00a0<\/div>\n<div>\u00a0<\/div>\n<div>\n<div>Maurice White<\/div>\n<\/div>\n<\/div>\n<\/div>\n<\/div>\n<\/div>\n<div>\n<div>\n<p>\u00a0<\/p>\n<p>El cantante, compositor y productor musical estadounidense Maurice White falleci\u00f3 a causa de la enfermedad de Parkinson\u00a0-mientras dorm\u00eda- el 4 de febrero de 2016 en Los \u00c1ngeles, California (EE.UU.). Fue el fundador de la banda Earth, Wind &amp; Fire. Muri\u00f3 a los 74 a\u00f1os.<\/p>\n<p>\u00a0<\/p>\n<\/div>\n<\/div>\n<\/li>\n<li data-slug=\"frank-sinatra-jr\">\n<div>\n<figure><img decoding=\"async\" src=\"http:\/\/estaticos.muyinteresante.es\/media\/cache\/1000x_thumb\/uploads\/images\/gallery\/5852b2b15bafe8ab708b456a\/frank-sinatra-jr.jpg\" alt=\"Frank Sinatra Jr.\" data-slug=\"frank-sinatra-jr\" data-realheight=\"750\" data-cutout=\"1000x_thumb\" \/><\/figure>\n<div>\n<div id=\"entry_meta\">\u00a0<\/div>\n<div>\n<div>\n<div>\u00a0<\/div>\n<div>\u00a0<\/div>\n<div>\n<div>Frank Sinatra Jr.<\/div>\n<\/div>\n<\/div>\n<\/div>\n<\/div>\n<\/div>\n<div>\n<div>\n<p>\u00a0<\/p>\n<p>El hijo de Frank\u00a0y Nancy Sinatra, Frank Sinatra Jr., falleci\u00f3 tras sufrir un paro card\u00edaco el 6 de marzo de 2016 en Daytona Beach, Florida (EE.UU.). Al igual que su padre, fue cantante y director musical. Muri\u00f3 a los 72 a\u00f1os.<\/p>\n<p>\u00a0<\/p>\n<\/div>\n<\/div>\n<\/li>\n<li data-slug=\"muhammad-ali\">\n<div>\n<figure><img decoding=\"async\" src=\"http:\/\/estaticos.muyinteresante.es\/media\/cache\/1000x_thumb\/uploads\/images\/gallery\/5852b2b15bafe8ab708b456a\/muhammad-ali.jpg\" alt=\"Muhammad Ali\" data-slug=\"muhammad-ali\" data-realheight=\"750\" data-cutout=\"1000x_thumb\" \/><\/figure>\n<div>\n<div id=\"entry_meta\">\u00a0<\/div>\n<div>\n<div>\n<div>\u00a0<\/div>\n<div>\u00a0<\/div>\n<div>\n<div>Muhammad Ali<\/div>\n<\/div>\n<\/div>\n<\/div>\n<\/div>\n<\/div>\n<div>\n<div>\n<p>\u00a0<\/p>\n<p>El boxeador\u00a0estadounidense Muhammad Ali o Mohamed Ali falleci\u00f3 por choque s\u00e9ptico provocado por causas naturales no especificadas el 3 de junio de 2016 en Scottsdale, Arizona (EE.UU.). Es considerado el mejor boxeador de todos los tiempos. Muri\u00f3 a los 74 a\u00f1os.<\/p>\n<p>\u00a0<\/p>\n<\/div>\n<\/div>\n<\/li>\n<\/ul>\n<\/div>\n<aside data-gallery-module=\"16\">\n<div id=\"dfp_gallery_muy_roba1_cultura_17\" data-dfp-idx=\"17\" data-dfp-display=\"roba1\" data-publisuffix=\"17\" data-only-mobile=\"0\">\u00a0<\/div>\n<\/aside>\n<div>\u00a0<\/div>\n<\/div>\n<div style=\"text-align: justify;\">\u00a0<\/div>\n<div style=\"text-align: justify;\" data-gallery-module=\"19\">\n<div>\n<ul>\n<li data-slug=\"alexis-arquette\">\n<div>\n<figure><img decoding=\"async\" src=\"http:\/\/estaticos.muyinteresante.es\/media\/cache\/1000x_thumb\/uploads\/images\/gallery\/5852b2b15bafe8ab708b456a\/alexis-arquette.jpg\" alt=\"Alexis Arquette\" data-slug=\"alexis-arquette\" data-realheight=\"750\" data-cutout=\"1000x_thumb\" \/><\/figure>\n<div>\n<div id=\"entry_meta\">\u00a0<\/div>\n<div>\n<div>\n<div>\u00a0<\/div>\n<div>\u00a0<\/div>\n<div>\n<div>Alexis Arquette<\/div>\n<\/div>\n<\/div>\n<\/div>\n<\/div>\n<\/div>\n<div>\n<div>\n<p>\u00a0<\/p>\n<p>La actriz estadounidense Alexis Arquette, registrada al nacer como Robert Arquette, falleci\u00f3 por causas no especificadas el 11 de septiembre de 2016 en Los \u00c1ngeles, California (EE.UU.). Fue actriz transexual, m\u00fasica, dibujante y drag queen\u00a0de cabaret. Muri\u00f3 a los 47 a\u00f1os.<\/p>\n<p>\u00a0<\/p>\n<\/div>\n<\/div>\n<\/li>\n<li data-slug=\"robert-black\">\n<div>\n<figure><img decoding=\"async\" src=\"http:\/\/estaticos.muyinteresante.es\/media\/cache\/1000x_thumb\/uploads\/images\/gallery\/5852b2b15bafe8ab708b456a\/robert-black.jpg\" alt=\"Robert Black\" data-slug=\"robert-black\" data-realheight=\"750\" data-cutout=\"1000x_thumb\" \/><\/figure>\n<div>\n<div id=\"entry_meta\">\u00a0<\/div>\n<div>\n<div>\n<div>\u00a0<\/div>\n<div>\u00a0<\/div>\n<div>\n<div>Robert Black<\/div>\n<\/div>\n<\/div>\n<\/div>\n<\/div>\n<\/div>\n<div>\n<div>\n<p>\u00a0<\/p>\n<p>El asesino en serie\u00a0Robert Black falleci\u00f3 por causas naturales el 12 de enero de 2016 en la prisi\u00f3n HMP Maghaberry de Lisburn (Reino Unido). Black fue condenado a cadena perpetua por secuestro y asesinato de cuatro ni\u00f1as de edades entre 5 y 11 a\u00f1os, entre 1981 y 1986. Muri\u00f3 a los 69 a\u00f1os.<\/p>\n<p>\u00a0<\/p>\n<\/div>\n<\/div>\n<\/li>\n<li data-slug=\"fidel-castro\">\n<div>\n<figure><img decoding=\"async\" src=\"http:\/\/estaticos.muyinteresante.es\/media\/cache\/1000x_thumb\/uploads\/images\/gallery\/5852b2b15bafe8ab708b456a\/fidel-castro.jpg\" alt=\"Fidel Castro\" data-slug=\"fidel-castro\" data-realheight=\"750\" data-cutout=\"1000x_thumb\" \/><\/figure>\n<div>\n<div id=\"entry_meta\">\u00a0<\/div>\n<div>\n<div>\n<div>\u00a0<\/div>\n<div>\u00a0<\/div>\n<div>\n<div>Fidel Castro<\/div>\n<\/div>\n<\/div>\n<\/div>\n<\/div>\n<\/div>\n<div>\n<div>\n<p>\u00a0<\/p>\n<p>El ex primer ministro de Cuba, Fidel Castro, falleci\u00f3 el 25 de noviembre de 2016 en La Habana (Cuba). El l\u00edder hist\u00f3rico de la revoluci\u00f3n cubana muri\u00f3 a los 90 a\u00f1os.<\/p>\n<p>\u00a0<\/p>\n<\/div>\n<\/div>\n<\/li>\n<\/ul>\n<\/div>\n<aside data-gallery-module=\"19\">\n<div id=\"dfp_gallery_muy_roba1_cultura_20\" data-dfp-idx=\"20\" data-dfp-display=\"roba1\" data-publisuffix=\"20\" data-only-mobile=\"0\">\u00a0<\/div>\n<\/aside>\n<div>\u00a0<\/div>\n<\/div>\n<div style=\"text-align: justify;\">\u00a0<\/div>\n<div style=\"text-align: justify;\" data-gallery-module=\"22\">\n<div>\n<ul>\n<li data-slug=\"steve-dillon\">\n<div>\n<figure><img decoding=\"async\" src=\"http:\/\/estaticos.muyinteresante.es\/media\/cache\/1000x_thumb\/uploads\/images\/gallery\/5852b2b15bafe8ab708b456a\/steve-dillon.JPG\" alt=\"Steve Dillon\" data-slug=\"steve-dillon\" data-realheight=\"750\" data-cutout=\"1000x_thumb\" \/><\/figure>\n<div>\n<div id=\"entry_meta\">\u00a0<\/div>\n<div>\n<div>\n<div>\u00a0<\/div>\n<div>\u00a0<\/div>\n<div>\n<div>\u00a0<\/div>\n<\/div>\n<\/div>\n<\/div>\n<\/div>\n<\/div>\n<div>\n<h2>Steve Dillon<\/h2>\n<div>\n<p>\u00a0<\/p>\n<p>El historietista brit\u00e1nico Steve Dillon falleci\u00f3 por causas no especificadas el 22 de octubre de 2016 en Nueva York (EE.UU.). Predicador, un western de tintes religiosos o los personajes de Marvel Wolverine\u00a0y The Punisher se encuentran entre sus trabajos. Muri\u00f3 a los 54 a\u00f1os.<\/p>\n<p>\u00a0<\/p>\n<\/div>\n<\/div>\n<\/li>\n<li data-slug=\"dario-fo\">\n<div>\n<figure><img decoding=\"async\" src=\"http:\/\/estaticos.muyinteresante.es\/media\/cache\/1000x_thumb\/uploads\/images\/gallery\/5852b2b15bafe8ab708b456a\/dario-fo.jpg\" alt=\"Dar\u00edo Fo\" data-slug=\"dario-fo\" data-realheight=\"750\" data-cutout=\"1000x_thumb\" \/><\/figure>\n<div>\n<div id=\"entry_meta\">\u00a0<\/div>\n<div>\n<div>\n<div>\u00a0<\/div>\n<div>\u00a0<\/div>\n<div>\n<div>\u00a0<\/div>\n<\/div>\n<\/div>\n<\/div>\n<\/div>\n<\/div>\n<div>\n<h2>Dar\u00edo Fo<\/h2>\n<div>\n<p>\u00a0<\/p>\n<p>El actor y escritor italiano Dario Fo falleci\u00f3 el 13 de octubre de 2016 en el Hospital Luigi Sacco, Mil\u00e1n (Italia). Fue ganador del Premio Nobel\u00a0de Literatura de 1997. Muri\u00f3 a los 90 a\u00f1os.<\/p>\n<p>\u00a0<\/p>\n<\/div>\n<\/div>\n<\/li>\n<li data-slug=\"george-martin\">\n<div>\n<figure><img decoding=\"async\" src=\"http:\/\/estaticos.muyinteresante.es\/media\/cache\/1000x_thumb\/uploads\/images\/gallery\/5852b2b15bafe8ab708b456a\/george-martin.jpg\" alt=\"George Martin\" data-slug=\"george-martin\" data-realheight=\"750\" data-cutout=\"1000x_thumb\" \/><\/figure>\n<div>\n<div id=\"entry_meta\">\u00a0<\/div>\n<div>\n<div>\n<div>\u00a0<\/div>\n<div>\u00a0<\/div>\n<div>\n<div>George Martin<\/div>\n<\/div>\n<\/div>\n<\/div>\n<\/div>\n<\/div>\n<div>\n<div>\n<p>\u00a0<\/p>\n<p>El productor musical brit\u00e1nico George Martin falleci\u00f3 mientras dorm\u00eda el 8 de marzo de 2016 en Wiltshire (Reino Unido). Fue apodado el \u201cQuinto Beatle\u201d. Muri\u00f3 a los 90 a\u00f1os.<\/p>\n<p>\u00a0<\/p>\n<\/div>\n<\/div>\n<\/li>\n<\/ul>\n<\/div>\n<aside data-gallery-module=\"22\">\n<div id=\"dfp_gallery_muy_roba1_cultura_23\" data-dfp-idx=\"23\" data-dfp-display=\"roba1\" data-publisuffix=\"23\" data-only-mobile=\"0\">\u00a0<\/div>\n<\/aside>\n<div>\u00a0<\/div>\n<\/div>\n<div style=\"text-align: justify;\">\u00a0<\/div>\n<div data-gallery-module=\"25\">\n<div>\n<ul>\n<li data-slug=\"miguel-de-la-quadra-salcedo\">\n<div style=\"text-align: justify;\">\n<figure><img decoding=\"async\" src=\"http:\/\/estaticos.muyinteresante.es\/media\/cache\/1000x_thumb\/uploads\/images\/gallery\/5852b2b15bafe8ab708b456a\/miguel-salcedo.jpg\" alt=\"Miguel de la Quadra-Salcedo\" data-slug=\"miguel-de-la-quadra-salcedo\" data-realheight=\"750\" data-cutout=\"1000x_thumb\" \/><\/figure>\n<div>\n<div id=\"entry_meta\">\u00a0<\/div>\n<div>\n<div>\n<div>\u00a0<\/div>\n<div>\u00a0<\/div>\n<div>\n<div>Miguel de la Quadra-Salcedo<\/div>\n<\/div>\n<\/div>\n<\/div>\n<\/div>\n<\/div>\n<div>\n<div>\n<p style=\"text-align: justify;\">\u00a0<\/p>\n<p style=\"text-align: justify;\">El reportero, promotor cultural y atleta espa\u00f1ol Miguel de la Quadra-Salcedo, falleci\u00f3 en su casa, tranquilo, junto a su familia, el 20 de mayo de 2016 en Madrid (Espa\u00f1a). Dirigi\u00f3 el programa de estudios y aventuras Aventura 92, posteriormente conocido como Ruta Quetzal. Muri\u00f3 a los 84 a\u00f1os.<\/p>\n<\/div>\n<\/div>\n<\/li>\n<\/ul>\n<\/div>\n<\/div>\n","protected":false},"excerpt":{"rendered":"","protected":false},"author":1,"featured_media":10426,"comment_status":"open","ping_status":"open","sticky":false,"template":"","format":"standard","meta":{"_acf_changed":false,"_monsterinsights_skip_tracking":false,"slim_seo":{"title":"Personajes famosos fallecidos en 2016 - Opini\u00f3n P\u00fablica","description":"2016 ha sido especialmente triste en todos los \u00e1mbitos: pol\u00edtica, literatura, m\u00fasica, cine... Repasamos la lista de 25 personajes famosos que nos dijeron adi\u00f3s"},"footnotes":""},"categories":[15],"tags":[],"class_list":["post-10427","post","type-post","status-publish","format-standard","has-post-thumbnail","hentry","category-galerias"],"acf":[],"_links":{"self":[{"href":"https:\/\/www.opinionpublica.tv\/portada\/wp-json\/wp\/v2\/posts\/10427","targetHints":{"allow":["GET"]}}],"collection":[{"href":"https:\/\/www.opinionpublica.tv\/portada\/wp-json\/wp\/v2\/posts"}],"about":[{"href":"https:\/\/www.opinionpublica.tv\/portada\/wp-json\/wp\/v2\/types\/post"}],"author":[{"embeddable":true,"href":"https:\/\/www.opinionpublica.tv\/portada\/wp-json\/wp\/v2\/users\/1"}],"replies":[{"embeddable":true,"href":"https:\/\/www.opinionpublica.tv\/portada\/wp-json\/wp\/v2\/comments?post=10427"}],"version-history":[{"count":0,"href":"https:\/\/www.opinionpublica.tv\/portada\/wp-json\/wp\/v2\/posts\/10427\/revisions"}],"wp:featuredmedia":[{"embeddable":true,"href":"https:\/\/www.opinionpublica.tv\/portada\/wp-json\/wp\/v2\/media\/10426"}],"wp:attachment":[{"href":"https:\/\/www.opinionpublica.tv\/portada\/wp-json\/wp\/v2\/media?parent=10427"}],"wp:term":[{"taxonomy":"category","embeddable":true,"href":"https:\/\/www.opinionpublica.tv\/portada\/wp-json\/wp\/v2\/categories?post=10427"},{"taxonomy":"post_tag","embeddable":true,"href":"https:\/\/www.opinionpublica.tv\/portada\/wp-json\/wp\/v2\/tags?post=10427"}],"curies":[{"name":"wp","href":"https:\/\/api.w.org\/{rel}","templated":true}]}}