{"id":10425,"date":"2016-12-20T07:00:00","date_gmt":"2016-12-20T06:00:00","guid":{"rendered":"https:\/\/www.opinionpublica.tv\/portada\/2016\/12\/20\/quien-era-andrei-karlov-el-embajador-de-rusia-muerto-a-tiros-en-ankara\/"},"modified":"2016-12-20T07:00:00","modified_gmt":"2016-12-20T06:00:00","slug":"quien-era-andrei-karlov-el-embajador-de-rusia-muerto-a-tiros-en-ankara","status":"publish","type":"post","link":"https:\/\/www.opinionpublica.tv\/portada\/quien-era-andrei-karlov-el-embajador-de-rusia-muerto-a-tiros-en-ankara\/","title":{"rendered":"Qui\u00e9n era Andrei Karlov, el embajador de Rusia muerto a tiros en Ankara"},"content":{"rendered":"<p><img fetchpriority=\"high\" decoding=\"async\" class=\" size-full wp-image-10424\" src=\"https:\/\/www.opinionpublica.tv\/portada\/wp-content\/uploads\/2016\/12\/d106ef89c3a6a3f8bd2ba8064076995d.jpg\" alt=\"\" width=\"720\" height=\"480\" srcset=\"https:\/\/www.opinionpublica.tv\/portada\/wp-content\/uploads\/2016\/12\/d106ef89c3a6a3f8bd2ba8064076995d.jpg 720w, https:\/\/www.opinionpublica.tv\/portada\/wp-content\/uploads\/2016\/12\/d106ef89c3a6a3f8bd2ba8064076995d-300x200.jpg 300w\" sizes=\"(max-width: 720px) 100vw, 720px\" \/><br \/>\n<!--more--><\/p>\n<p style=\"text-align: justify;\">Andrei Karlov, el embajador ruso que este lunes fue muerto a disparos por un polic\u00eda en Ankara, era un experimentado diplom\u00e1tico que estuvo a cargo de legaciones importantes desde la \u00e9poca de la extinta Uni\u00f3n Sovi\u00e9tica.<\/p>\n<ul style=\"text-align: justify;\">\n<li>Cuando en julio de 2013 lleg\u00f3 a hacerse cargo de la embajada de Rusia en Turqu\u00eda, ambos pa\u00edses intentaban impulsar las relaciones comerciales pero estaban profundamente enfrentados por sus diferencias sobre el conflicto en Siria, en el que apoyaban a bandos contrarios.<\/li>\n<\/ul>\n<p style=\"text-align: justify;\">Karlov impuls\u00f3 la creaci\u00f3n de diversos espacios como el Foro de la Comunidad Ruso-Turca o el Foro de Cultura Rusa, que sirvieron para la organizaci\u00f3n de paneles y conferencias sobre c\u00f3mo mejorar las relaciones entre ambos pa\u00edses, especialmente en los campos de la econom\u00eda, la energ\u00eda y la cultura.<\/p>\n<h2 style=\"text-align: justify;\">Pero su prueba de fuego lleg\u00f3 en noviembre de 2015, cuando un jet F-16 turco derrib\u00f3 un cazabombardero ruso SU-24 que sobrevolaba sobre la frontera entre Turqu\u00eda y Siria.<\/h2>\n<p style=\"text-align: justify;\">Mosc\u00fa describi\u00f3 lo ocurrido como una \u00abpu\u00f1alada por la espalda\u00bb y no tard\u00f3 en castigar a Ankara prohibiendo la importaci\u00f3n de alimentos turcos, el vuelo de aviones ch\u00e1rter con turistas rusos a Turqu\u00eda, as\u00ed como los proyectos de construcci\u00f3n en Rusia en los que participaran compa\u00f1\u00edas turcas.<\/p>\n<p style=\"text-align: justify;\">El impacto econ\u00f3mico de estas medidas sobre la econom\u00eda turca fue estimado en unos US$10.000 millones.<\/p>\n<p style=\"text-align: justify;\">\u00abEl embajador Karlov hizo muchas contribuciones personales para el desarrollo de los v\u00ednculos con Turqu\u00eda. Hizo mucho para superar la crisis en las relaciones bilaterales\u00bb, dijo este lunes la portavoz del Ministerio de Relaciones Exteriores de Rusia, Maria Zakharova.<\/p>\n<figure style=\"text-align: justify;\">\n<div>\u00a0<\/div><figcaption>\u00ab\u00c9l era un hombre que pon\u00eda su coraz\u00f3n y su alma en su trabajo. Es una p\u00e9rdida terrible para nosotros y tambi\u00e9n para el mundo\u00bb, agreg\u00f3.<\/figcaption><\/figure>\n<p style=\"text-align: justify;\">La restituci\u00f3n de los lazos entre ambos pa\u00edses no fue f\u00e1cil y requiri\u00f3 unos siete meses de labor diplom\u00e1tica.<\/p>\n<p style=\"text-align: justify;\">Los frutos comenzaron a verse en agosto cuando, despu\u00e9s de que el mandatario turco se disculpara por el derribo del avi\u00f3n ruso, Erdogan y Putin se reunieron en San Petersburgo y anunciaron que buscar\u00edan aumentar la cooperaci\u00f3n econ\u00f3mica.<\/p>\n<h2 style=\"text-align: justify;\">De Pyongyang a Se\u00fal<\/h2>\n<p style=\"text-align: justify;\">Nacido en Mosc\u00fa en 1954, Karlov era un diplom\u00e1tico de carrera.<\/p>\n<figure style=\"text-align: justify;\"><img decoding=\"async\" src=\"http:\/\/ichef-1.bbci.co.uk\/news\/624\/cpsprodpb\/14F17\/production\/_93038758_reuterskarlovputin.jpg\" alt=\"Andrei Karlov y Vladimir Putin.\" width=\"976\" height=\"549\" data-highest-encountered-width=\"624\" \/>Image copyrightREUTERS<figcaption>Image captionEn octubre, Putin visit\u00f3 Turqu\u00eda para fortalecer las relaciones bilaterales.<\/figcaption><\/figure>\n<p style=\"text-align: justify;\">Se form\u00f3 en el Departamento de Relaciones Internacionales de la Universidad Estatal de Mosc\u00fa, de donde egres\u00f3 en 1976. Ese mismo a\u00f1o, fue enviado a trabajar en la embajada de la Uni\u00f3n Sovi\u00e9tica en Corea del Norte, donde permaneci\u00f3 hasta 1990.<\/p>\n<p style=\"text-align: justify;\">En 1992 complet\u00f3 su formaci\u00f3n en la Academia Diplom\u00e1tica del Ministerio de Relaciones Exteriores de Rusia y, tras la ca\u00edda del comunismo, volvi\u00f3 a ser destacado en la pen\u00ednsula coreana, pero esta vez como embajador ruso en Corea del Sur, donde permaneci\u00f3 hasta 1997.<\/p>\n<p style=\"text-align: justify;\">Entre los a\u00f1os 2001 y 2006 regres\u00f3 a Pyongyang. Fue una \u00e9poca compleja, pues Corea del Norte revel\u00f3 en ese entonces que dispone de armamento nuclear y es incluida por el presidente estadounidense George W. Bush en el llamado \u00abeje del mal\u00bb.<\/p>\n<h2 style=\"text-align: justify;\">Objetivos y m\u00e9todos<\/h2>\n<p style=\"text-align: justify;\">Como representante de Rusia en Turqu\u00eda, Karlov asegur\u00f3 que ambos pa\u00edses compart\u00edan el deseo de hallar una soluci\u00f3n pac\u00edfica a la guerra en Siria, pero que difer\u00edan en los m\u00e9todos para conseguirlo.<\/p>\n<p style=\"text-align: justify;\">En una entrevista con el diario turco Sabah, en 2015, dijo que estaban preparados para dialogar con los grupos de oposici\u00f3n siria que combatieran contra el autodenominado Estado Isl\u00e1mico en ese pa\u00eds.<\/p>\n<p style=\"text-align: justify;\">\u00abSi la oposici\u00f3n encuentra un consenso sobre el futuro de Siria, creemos que ser\u00e1 m\u00e1s f\u00e1cil alcanzar un acuerdo con el r\u00e9gimen (del presidente sirio Bashar al Asad)\u00bb, dijo en la entrevista apuntando a la atomizaci\u00f3n de los grupos opositores en ese pa\u00eds.<\/p>\n<p style=\"text-align: justify;\">Seg\u00fan Zarharova, Karlov \u00abenfoc\u00f3 muchos de sus esfuerzos en contribuir a hallar una soluci\u00f3n en Siria y en apuntalar la estabilidad en la regi\u00f3n\u00bb.<\/p>\n<p style=\"text-align: justify;\">Las primeras reacciones tras su muerte parecen indicar que Mosc\u00fa y Ankara tienen la intenci\u00f3n de mantener la l\u00ednea de di\u00e1logo y cooperaci\u00f3n reactivada durante sus \u00faltimos meses de vida.<\/p>\n<p style=\"text-align: justify;\">Informaci\u00f3n de BBC<\/p>\n<div class=\"k2_video\"><a href=\"https:\/\/www.youtube.com\/watch?v=eYa3B1qYRgU\">https:\/\/www.youtube.com\/watch?v=eYa3B1qYRgU<\/a>\n<\/div>\n","protected":false},"excerpt":{"rendered":"","protected":false},"author":1,"featured_media":10424,"comment_status":"open","ping_status":"open","sticky":false,"template":"","format":"standard","meta":{"_acf_changed":false,"_monsterinsights_skip_tracking":false,"slim_seo":{"title":"Qui\u00e9n era Andrei Karlov, el embajador de Rusia muerto a tiros en Ankara - Opini\u00f3n P\u00fablica","description":"Andrei Karlov, el embajador ruso que este lunes fue muerto a disparos por un polic\u00eda en Ankara, era un experimentado diplom\u00e1tico que estuvo a cargo de legacione"},"footnotes":""},"categories":[14],"tags":[],"class_list":["post-10425","post","type-post","status-publish","format-standard","has-post-thumbnail","hentry","category-historias"],"acf":[],"_links":{"self":[{"href":"https:\/\/www.opinionpublica.tv\/portada\/wp-json\/wp\/v2\/posts\/10425","targetHints":{"allow":["GET"]}}],"collection":[{"href":"https:\/\/www.opinionpublica.tv\/portada\/wp-json\/wp\/v2\/posts"}],"about":[{"href":"https:\/\/www.opinionpublica.tv\/portada\/wp-json\/wp\/v2\/types\/post"}],"author":[{"embeddable":true,"href":"https:\/\/www.opinionpublica.tv\/portada\/wp-json\/wp\/v2\/users\/1"}],"replies":[{"embeddable":true,"href":"https:\/\/www.opinionpublica.tv\/portada\/wp-json\/wp\/v2\/comments?post=10425"}],"version-history":[{"count":0,"href":"https:\/\/www.opinionpublica.tv\/portada\/wp-json\/wp\/v2\/posts\/10425\/revisions"}],"wp:featuredmedia":[{"embeddable":true,"href":"https:\/\/www.opinionpublica.tv\/portada\/wp-json\/wp\/v2\/media\/10424"}],"wp:attachment":[{"href":"https:\/\/www.opinionpublica.tv\/portada\/wp-json\/wp\/v2\/media?parent=10425"}],"wp:term":[{"taxonomy":"category","embeddable":true,"href":"https:\/\/www.opinionpublica.tv\/portada\/wp-json\/wp\/v2\/categories?post=10425"},{"taxonomy":"post_tag","embeddable":true,"href":"https:\/\/www.opinionpublica.tv\/portada\/wp-json\/wp\/v2\/tags?post=10425"}],"curies":[{"name":"wp","href":"https:\/\/api.w.org\/{rel}","templated":true}]}}