{"id":10417,"date":"2016-12-20T07:00:00","date_gmt":"2016-12-20T06:00:00","guid":{"rendered":"https:\/\/www.opinionpublica.tv\/portada\/2016\/12\/20\/merkel-admite-atentado-terrorista-en-berlin\/"},"modified":"2016-12-20T07:00:00","modified_gmt":"2016-12-20T06:00:00","slug":"merkel-admite-atentado-terrorista-en-berlin","status":"publish","type":"post","link":"https:\/\/www.opinionpublica.tv\/portada\/merkel-admite-atentado-terrorista-en-berlin\/","title":{"rendered":"Video: Merkel admite atentado terrorista en Berl\u00edn"},"content":{"rendered":"<p><img fetchpriority=\"high\" decoding=\"async\" class=\" size-full wp-image-10416\" src=\"https:\/\/www.opinionpublica.tv\/portada\/wp-content\/uploads\/2016\/12\/5362296cd420f51cb9d648fb3915ede6.jpg\" alt=\"\" width=\"720\" height=\"480\" srcset=\"https:\/\/www.opinionpublica.tv\/portada\/wp-content\/uploads\/2016\/12\/5362296cd420f51cb9d648fb3915ede6.jpg 720w, https:\/\/www.opinionpublica.tv\/portada\/wp-content\/uploads\/2016\/12\/5362296cd420f51cb9d648fb3915ede6-300x200.jpg 300w\" sizes=\"(max-width: 720px) 100vw, 720px\" \/><br \/>\n<!--more--><\/p>\n<p style=\"text-align: justify;\">La canciller alemana, Angela Merkel, calific\u00f3 el martes de \u00abatentado terrorista\u00bb el atropellamiento masivo con un cami\u00f3n kamikaze la v\u00edspera en un mercado navide\u00f1o en Berl\u00edn, pero llam\u00f3 a sus compatriotas a no vivir paralizados por el\u00a0miedo.<\/p>\n<p style=\"text-align: justify;\">Merkel expres\u00f3 hoy su rechazo a vivir \u00abparalizados por el miedo al mal\u00bb tras el presunto atentado\u00a0en que murieron 12 personas, y mientras se investiga si su autor fue un refugiado llegado al pa\u00eds en 2015.<\/p>\n<p style=\"text-align: justify;\">De confirmarse que el ataque fue cometido por alguien \u00abque lleg\u00f3 al pa\u00eds en busca de refugio\u00bb, ser\u00eda \u00abespecialmente repugnante\u00bb, dijo la jefa del Gobierno, en una comparecencia institucional, despu\u00e9s de que anoche un cami\u00f3n causara 12 muertos, adem\u00e1s de una cincuentena de heridos, al invadir una c\u00e9ntrica zona peatonal de Berl\u00edn.<\/p>\n<blockquote>\n<p>Ser\u00eda particularmente odioso para todos los alemanes comprometidos d\u00eda tras d\u00eda en ayudar a los refugiados y para toda la gente que necesita nuestra protecci\u00f3n cada d\u00eda y se esfuerza por integrarse\u00bb, afirm\u00f3.<\/p>\n<\/blockquote>\n<p style=\"text-align: justify;\">En medios alemanes se afirma que el presunto autor era un refugiado, al que el diario berlin\u00e9s Der Tagesspiegel\u00a0ha identificado como Naved B., de 23 a\u00f1os y probablemente nacido en Pakist\u00e1n.<\/p>\n<p style=\"text-align: justify;\">El sospechoso fue detenido a unos dos kil\u00f3metros del lugar de los hechos, en el coraz\u00f3n del antiguo sector occidental de Berl\u00edn, y se supone que era la persona que conduc\u00eda el cami\u00f3n y que se dio a la fuga tras arrasar con los visitantes y las casetas de la zona peatonal.<\/p>\n<p style=\"text-align: justify;\">Seg\u00fan el citado rotativo, un ciudadano le sigui\u00f3 en su huida, mientras se pon\u00eda en paralelo en contacto con su tel\u00e9fono m\u00f3vil con la Polic\u00eda, que lo detuvo en los alrededores de la Columna de la Victoria, junto al parque del Tiergarten.<\/p>\n<p style=\"text-align: justify;\">La madrugada pasada, un comando del equipo de intervenci\u00f3n r\u00e1pida policial (SEK) irrumpi\u00f3 en uno de los hangares del antiguo aeropuerto de Tempelhof, situado en el centro de la ciudad, que acoge a unos 2.000 refugiados.<\/p>\n<blockquote>\n<p>Como millones de personas estoy profundamente triste, conmocionada y horrorizada\u00bb, afirm\u00f3 la canciller, quien record\u00f3 que a\u00fan ayer esas doce personas que murieron en el ataque ten\u00edan planes\u00a0para estas Navidades y ya no est\u00e1n entre nosotros.<\/p>\n<\/blockquote>\n<p style=\"text-align: justify;\">Merkel calific\u00f3 el ataque de \u00abuna cruel e inconcebible acci\u00f3n\u00bb y confirm\u00f3 que se parte de la base de que se trata de un atentado terrorista, tras el que se impone no vivir con miedo y renunciando a cosas como ir a un mercadillo de Navidad.<\/p>\n<blockquote>\n<p>Ser\u00eda para nosotros especialmente insoportable si se confirmara que cometi\u00f3 este ataque un hombre que pidi\u00f3 protecci\u00f3n y asilo en Alemania. Ser\u00eda especialmente repugnante\u00bb, afirm\u00f3 recordando a las miles de personas involucradas en la acogida de refugiados y a los miles que han llegado al pa\u00eds huyendo de guerras y persecuciones.<\/p>\n<\/blockquote>\n<p style=\"text-align: justify;\">Merkel,insisti\u00f3 en que el ataque ser\u00e1 aclarado \u00abhasta el \u00faltimo detalle\u00bb y ser\u00e1 castigado \u00abcon toda la fuerza de nuestras leyes\u00bb.<\/p>\n<blockquote>\n<p>Aunque en estos momentos parezca dif\u00edcil, encontraremos la fuerza para vivir la vida que queremos en Alemania: libre, abierta y en convivencia\u00bb, manifest\u00f3.<\/p>\n<\/blockquote>\n<p style=\"text-align: justify;\">Merkel anunci\u00f3 asimismo que esta tarde visitar\u00e1 junto a las autoridades de Berl\u00edn y el ministro del Interior, Thomas de Maiziere, el lugar del atentado.<\/p>\n<div class=\"k2_video\"><iframe title=\"Doce muertos y decenas de heridos en un posible atentado en Berl\u00edn\" width=\"800\" height=\"450\" src=\"https:\/\/www.youtube.com\/embed\/jiXZJ6mQU2Q?feature=oembed\" frameborder=\"0\" allow=\"accelerometer; autoplay; clipboard-write; encrypted-media; gyroscope; picture-in-picture; web-share\" referrerpolicy=\"strict-origin-when-cross-origin\" allowfullscreen><\/iframe>\n<\/div>\n","protected":false},"excerpt":{"rendered":"","protected":false},"author":1,"featured_media":10416,"comment_status":"open","ping_status":"open","sticky":false,"template":"","format":"standard","meta":{"_acf_changed":false,"_monsterinsights_skip_tracking":false,"slim_seo":{"title":"Video: Merkel admite atentado terrorista en Berl\u00edn - Opini\u00f3n P\u00fablica","description":"La canciller alemana, Angela Merkel, calific\u00f3 el martes de \"atentado terrorista\" el atropellamiento masivo con un cami\u00f3n kamikaze la v\u00edspera en un mercado navid"},"footnotes":""},"categories":[8],"tags":[],"class_list":["post-10417","post","type-post","status-publish","format-standard","has-post-thumbnail","hentry","category-videos"],"acf":[],"_links":{"self":[{"href":"https:\/\/www.opinionpublica.tv\/portada\/wp-json\/wp\/v2\/posts\/10417","targetHints":{"allow":["GET"]}}],"collection":[{"href":"https:\/\/www.opinionpublica.tv\/portada\/wp-json\/wp\/v2\/posts"}],"about":[{"href":"https:\/\/www.opinionpublica.tv\/portada\/wp-json\/wp\/v2\/types\/post"}],"author":[{"embeddable":true,"href":"https:\/\/www.opinionpublica.tv\/portada\/wp-json\/wp\/v2\/users\/1"}],"replies":[{"embeddable":true,"href":"https:\/\/www.opinionpublica.tv\/portada\/wp-json\/wp\/v2\/comments?post=10417"}],"version-history":[{"count":0,"href":"https:\/\/www.opinionpublica.tv\/portada\/wp-json\/wp\/v2\/posts\/10417\/revisions"}],"wp:featuredmedia":[{"embeddable":true,"href":"https:\/\/www.opinionpublica.tv\/portada\/wp-json\/wp\/v2\/media\/10416"}],"wp:attachment":[{"href":"https:\/\/www.opinionpublica.tv\/portada\/wp-json\/wp\/v2\/media?parent=10417"}],"wp:term":[{"taxonomy":"category","embeddable":true,"href":"https:\/\/www.opinionpublica.tv\/portada\/wp-json\/wp\/v2\/categories?post=10417"},{"taxonomy":"post_tag","embeddable":true,"href":"https:\/\/www.opinionpublica.tv\/portada\/wp-json\/wp\/v2\/tags?post=10417"}],"curies":[{"name":"wp","href":"https:\/\/api.w.org\/{rel}","templated":true}]}}