{"id":10411,"date":"2016-12-20T07:00:00","date_gmt":"2016-12-20T06:00:00","guid":{"rendered":"https:\/\/www.opinionpublica.tv\/portada\/2016\/12\/20\/temperatura-fria-se-mantiene-en-la-frontera\/"},"modified":"2016-12-20T07:00:00","modified_gmt":"2016-12-20T06:00:00","slug":"temperatura-fria-se-mantiene-en-la-frontera","status":"publish","type":"post","link":"https:\/\/www.opinionpublica.tv\/portada\/temperatura-fria-se-mantiene-en-la-frontera\/","title":{"rendered":"Temperatura fr\u00eda se mantiene en la frontera"},"content":{"rendered":"<p><img fetchpriority=\"high\" decoding=\"async\" class=\" size-full wp-image-10410\" src=\"https:\/\/www.opinionpublica.tv\/portada\/wp-content\/uploads\/2016\/12\/65ae5f02870b77a274705a8f9a06ab5b.jpg\" alt=\"\" width=\"770\" height=\"490\" srcset=\"https:\/\/www.opinionpublica.tv\/portada\/wp-content\/uploads\/2016\/12\/65ae5f02870b77a274705a8f9a06ab5b.jpg 770w, https:\/\/www.opinionpublica.tv\/portada\/wp-content\/uploads\/2016\/12\/65ae5f02870b77a274705a8f9a06ab5b-300x191.jpg 300w, https:\/\/www.opinionpublica.tv\/portada\/wp-content\/uploads\/2016\/12\/65ae5f02870b77a274705a8f9a06ab5b-768x489.jpg 768w\" sizes=\"(max-width: 770px) 100vw, 770px\" \/><br \/>\n<!--more--><\/p>\n<p style=\"text-align: justify;\">El pron\u00f3stico de clima marca la presencia de bajas temperaturas, vientos leves y un cielo mayormente soleado, con una sensaci\u00f3n t\u00e9rmica m\u00e1s fr\u00eda por la noche, precis\u00f3 Efr\u00e9n Matamoros Barraza, titular de la Direcci\u00f3n General de Protecci\u00f3n Civil.<\/p>\n<p style=\"text-align: justify;\">Se espera que para hoy martes la m\u00e1xima se ubique en los 12 grados cent\u00edgrados y la m\u00ednima ronde entre los 0 y 1, con vientos provenientes del noroeste a una velocidad inferior de 10 kil\u00f3metros por hora.<\/p>\n<p style=\"text-align: justify;\">Para el mi\u00e9rcoles 21 de diciembre, es probable la aparici\u00f3n de vientos que alcancen los 20 kil\u00f3metros por hora, acompa\u00f1ados de un d\u00eda soleado con una temperatura m\u00e1xima de 17 grados cent\u00edgrados, aunque la m\u00ednima por la noche oscilar\u00eda entre los 3 y 2.<\/p>\n<p style=\"text-align: justify;\">Respecto al jueves, se espera un d\u00eda soleado y una posibilidad de que se presenten lluvias aisladas en la regi\u00f3n, mismas que se incrementar\u00e1n a un 20 por ciento durante la noche.<\/p>\n<p style=\"text-align: justify;\">La temperatura m\u00e1xima alcanzar\u00eda los 13 grados cent\u00edgrados, mientras que la m\u00ednima se ubicar\u00eda en los 6, con la presencia de vientos leves.<\/p>\n","protected":false},"excerpt":{"rendered":"","protected":false},"author":1,"featured_media":10410,"comment_status":"open","ping_status":"open","sticky":false,"template":"","format":"standard","meta":{"_acf_changed":false,"_monsterinsights_skip_tracking":false,"slim_seo":{"title":"Temperatura fr\u00eda se mantiene en la frontera - Opini\u00f3n P\u00fablica","description":"El pron\u00f3stico de clima marca la presencia de bajas temperaturas, vientos leves y un cielo mayormente soleado, con una sensaci\u00f3n t\u00e9rmica m\u00e1s fr\u00eda por la noche, p"},"footnotes":""},"categories":[5],"tags":[],"class_list":["post-10411","post","type-post","status-publish","format-standard","has-post-thumbnail","hentry","category-frontera"],"acf":[],"_links":{"self":[{"href":"https:\/\/www.opinionpublica.tv\/portada\/wp-json\/wp\/v2\/posts\/10411","targetHints":{"allow":["GET"]}}],"collection":[{"href":"https:\/\/www.opinionpublica.tv\/portada\/wp-json\/wp\/v2\/posts"}],"about":[{"href":"https:\/\/www.opinionpublica.tv\/portada\/wp-json\/wp\/v2\/types\/post"}],"author":[{"embeddable":true,"href":"https:\/\/www.opinionpublica.tv\/portada\/wp-json\/wp\/v2\/users\/1"}],"replies":[{"embeddable":true,"href":"https:\/\/www.opinionpublica.tv\/portada\/wp-json\/wp\/v2\/comments?post=10411"}],"version-history":[{"count":0,"href":"https:\/\/www.opinionpublica.tv\/portada\/wp-json\/wp\/v2\/posts\/10411\/revisions"}],"wp:featuredmedia":[{"embeddable":true,"href":"https:\/\/www.opinionpublica.tv\/portada\/wp-json\/wp\/v2\/media\/10410"}],"wp:attachment":[{"href":"https:\/\/www.opinionpublica.tv\/portada\/wp-json\/wp\/v2\/media?parent=10411"}],"wp:term":[{"taxonomy":"category","embeddable":true,"href":"https:\/\/www.opinionpublica.tv\/portada\/wp-json\/wp\/v2\/categories?post=10411"},{"taxonomy":"post_tag","embeddable":true,"href":"https:\/\/www.opinionpublica.tv\/portada\/wp-json\/wp\/v2\/tags?post=10411"}],"curies":[{"name":"wp","href":"https:\/\/api.w.org\/{rel}","templated":true}]}}