{"id":10290,"date":"2016-12-17T07:00:00","date_gmt":"2016-12-17T06:00:00","guid":{"rendered":"https:\/\/www.opinionpublica.tv\/portada\/2016\/12\/17\/cuauhtemoc-blanco-en-huelga-de-hambre-por-decision-del-congreso\/"},"modified":"2016-12-17T07:00:00","modified_gmt":"2016-12-17T06:00:00","slug":"cuauhtemoc-blanco-en-huelga-de-hambre-por-decision-del-congreso","status":"publish","type":"post","link":"https:\/\/www.opinionpublica.tv\/portada\/cuauhtemoc-blanco-en-huelga-de-hambre-por-decision-del-congreso\/","title":{"rendered":"Cuauht\u00e9moc Blanco, en huelga de hambre por decisi\u00f3n del Congreso"},"content":{"rendered":"<p><img fetchpriority=\"high\" decoding=\"async\" class=\" size-full wp-image-10289\" src=\"https:\/\/www.opinionpublica.tv\/portada\/wp-content\/uploads\/2016\/12\/4e6fcf62696f1c008b352d90251baf3f.jpg\" alt=\"\" width=\"1024\" height=\"682\" srcset=\"https:\/\/www.opinionpublica.tv\/portada\/wp-content\/uploads\/2016\/12\/4e6fcf62696f1c008b352d90251baf3f.jpg 1024w, https:\/\/www.opinionpublica.tv\/portada\/wp-content\/uploads\/2016\/12\/4e6fcf62696f1c008b352d90251baf3f-300x200.jpg 300w, https:\/\/www.opinionpublica.tv\/portada\/wp-content\/uploads\/2016\/12\/4e6fcf62696f1c008b352d90251baf3f-768x512.jpg 768w\" sizes=\"(max-width: 1024px) 100vw, 1024px\" \/><br \/>\n<!--more--><\/p>\n<p style=\"text-align: justify;\">Cuauht\u00e9moc Blanco Bravo, alcalde de Cuernavaca, Morelos, inici\u00f3 la madrugada de este s\u00e1bado una huelga de hambre en el atrio de la catedral de dicha ciudad exigiendo que se restablezca el estado de derecho en Morelos, luego de que el Congreso estatal diera entrada a un juicio pol\u00edtico en su contra.<\/p>\n<p style=\"text-align: justify;\">A pesar de que no ha sido separado de su cargo, la polic\u00eda del mando \u00fanico le neg\u00f3 la entrada a las instalaciones del ayuntamiento capitalino y de la tesorer\u00eda desde el mediod\u00eda del viernes pasado.<\/p>\n<p style=\"text-align: justify;\">El edil, en compa\u00f1\u00eda de algunos integrantes de su gabinete y unos 50 polic\u00edas municipales de tr\u00e1nsito, ha sido visitado por cientos de ciudadanos que acudieron a manifestar su apoyo y para firmar un documento en el cual rechazan su separaci\u00f3n del cargo.<\/p>\n<p style=\"text-align: justify;\">Los visitantes repudiaron al gobernador perredista Graco Ram\u00edrez, a su hijastro Rodrigo Gayosso Cepeda, l\u00edder estatal del PRD, a los diputados y a los magistrados del Tribunal Superior de Justicia (TSJ), quienes sesionaron en la ma\u00f1ana, a pesar de estar en periodo vacacional, para recibir el documento de juicio pol\u00edtico contra Cuauht\u00e9moc Blanco enviado por el congreso local.<\/p>\n<p style=\"text-align: justify;\">En la sesi\u00f3n del TSJ, su presidenta Carmen Ver\u00f3nica Cuevas se integr\u00f3 la Comisi\u00f3n Instructora que resolver\u00e1 s\u00ed separa del cargo al alcalde o lo exonera. Dicha comisi\u00f3n qued\u00f3 integrada por los magistrados Elda Flores, Manuel D\u00edaz y Carmen Cuevas.<\/p>\n<p style=\"text-align: justify;\">Blanco Bravo declar\u00f3 que su ayuno se debi\u00f3 a \u201clos abusos e injusticias\u201d del gobernador, su hijastro, los hermanos Y\u00e1\u00f1ez Moreno, quienes lo impulsaron como candidato a alcalde por el Partido Encuentro Social (PSD), los diputados y porque \u201cno hay una autoridad federal que ponga orden en Morelos\u201d.<\/p>\n<p style=\"text-align: justify;\">Se\u00f1al\u00f3 que \u201clos juicios pol\u00edticos deben de ser para los (pol\u00edticos) corruptos, para quienes se han enriquecido de los recursos del pueblo, no para m\u00ed que no cometido actos de corrupci\u00f3n, como los que me acusan\u201d.<\/p>\n<p style=\"text-align: justify;\">De paso exigi\u00f3 al gobernador retire al mando \u00fanico para que opere el ayuntamiento, de lo contrario amag\u00f3 con instalar al gabinete en la catedral. \u201c(Para) que vean todas las barbaridades que est\u00e1n haciendo aqu\u00ed en Morelos estos personajes\u201d, expres\u00f3.<\/p>\n<p style=\"text-align: justify;\">\u00a0<\/p>\n<p style=\"text-align: justify;\">Fuente: La Jornada<\/p>\n","protected":false},"excerpt":{"rendered":"","protected":false},"author":4,"featured_media":10289,"comment_status":"open","ping_status":"open","sticky":false,"template":"","format":"standard","meta":{"_acf_changed":false,"_monsterinsights_skip_tracking":false,"slim_seo":{"title":"Cuauht\u00e9moc Blanco, en huelga de hambre por decisi\u00f3n del Congreso - Opini\u00f3n P\u00fablica","description":"Cuauht\u00e9moc Blanco Bravo, alcalde de Cuernavaca, Morelos, inici\u00f3 la madrugada de este s\u00e1bado una huelga de hambre en el atrio de la catedral de dicha ciudad exig"},"footnotes":""},"categories":[9],"tags":[],"class_list":["post-10290","post","type-post","status-publish","format-standard","has-post-thumbnail","hentry","category-nacional"],"acf":[],"_links":{"self":[{"href":"https:\/\/www.opinionpublica.tv\/portada\/wp-json\/wp\/v2\/posts\/10290","targetHints":{"allow":["GET"]}}],"collection":[{"href":"https:\/\/www.opinionpublica.tv\/portada\/wp-json\/wp\/v2\/posts"}],"about":[{"href":"https:\/\/www.opinionpublica.tv\/portada\/wp-json\/wp\/v2\/types\/post"}],"author":[{"embeddable":true,"href":"https:\/\/www.opinionpublica.tv\/portada\/wp-json\/wp\/v2\/users\/4"}],"replies":[{"embeddable":true,"href":"https:\/\/www.opinionpublica.tv\/portada\/wp-json\/wp\/v2\/comments?post=10290"}],"version-history":[{"count":0,"href":"https:\/\/www.opinionpublica.tv\/portada\/wp-json\/wp\/v2\/posts\/10290\/revisions"}],"wp:featuredmedia":[{"embeddable":true,"href":"https:\/\/www.opinionpublica.tv\/portada\/wp-json\/wp\/v2\/media\/10289"}],"wp:attachment":[{"href":"https:\/\/www.opinionpublica.tv\/portada\/wp-json\/wp\/v2\/media?parent=10290"}],"wp:term":[{"taxonomy":"category","embeddable":true,"href":"https:\/\/www.opinionpublica.tv\/portada\/wp-json\/wp\/v2\/categories?post=10290"},{"taxonomy":"post_tag","embeddable":true,"href":"https:\/\/www.opinionpublica.tv\/portada\/wp-json\/wp\/v2\/tags?post=10290"}],"curies":[{"name":"wp","href":"https:\/\/api.w.org\/{rel}","templated":true}]}}