{"id":10284,"date":"2016-12-17T07:00:00","date_gmt":"2016-12-17T06:00:00","guid":{"rendered":"https:\/\/www.opinionpublica.tv\/portada\/2016\/12\/17\/cabildo-aprueba-integracion-de-copladem\/"},"modified":"2016-12-17T07:00:00","modified_gmt":"2016-12-17T06:00:00","slug":"cabildo-aprueba-integracion-de-copladem","status":"publish","type":"post","link":"https:\/\/www.opinionpublica.tv\/portada\/cabildo-aprueba-integracion-de-copladem\/","title":{"rendered":"Cabildo aprueba integraci\u00f3n de COPLADEM"},"content":{"rendered":"<p><img fetchpriority=\"high\" decoding=\"async\" class=\" size-full wp-image-10283\" src=\"https:\/\/www.opinionpublica.tv\/portada\/wp-content\/uploads\/2016\/12\/20beb8eb70cf4ec9846be0c202b12bab.jpg\" alt=\"\" width=\"640\" height=\"427\" srcset=\"https:\/\/www.opinionpublica.tv\/portada\/wp-content\/uploads\/2016\/12\/20beb8eb70cf4ec9846be0c202b12bab.jpg 640w, https:\/\/www.opinionpublica.tv\/portada\/wp-content\/uploads\/2016\/12\/20beb8eb70cf4ec9846be0c202b12bab-300x200.jpg 300w\" sizes=\"(max-width: 640px) 100vw, 640px\" \/><br \/>\n<!--more--><\/p>\n<p style=\"text-align: justify;\">El Ayuntamiento de Ciudad Ju\u00e1rez aprob\u00f3 por mayor\u00eda de votos, integrar el Comit\u00e9 de Planeaci\u00f3n para el Desarrollo Municipal (COPLADEM) en esta frontera.<\/p>\n<p style=\"text-align: justify;\">Durante la sesi\u00f3n ordinaria n\u00famero 13, el Secretario del Ayuntamiento, Roberto Renter\u00eda, indic\u00f3 que el acuerdo autoriza integrar al Presidente Municipal, Armando Cabada, como Presidente del COPLADEM, mientras que la coordinaci\u00f3n de \u00e9ste estar\u00e1 a cargo del coordinador General de Planeaci\u00f3n y Evaluaci\u00f3n.<\/p>\n<p style=\"text-align: justify;\">Los integrantes ser\u00e1n representantes de comit\u00e9s de vecinos, de instituciones educativas de nivel superior, de los \u00f3rganos de participaci\u00f3n ciudadana, de clubes de servicio, del Consejo Coordinador Empresarial, y de las organizaciones obreras.<\/p>\n<p style=\"text-align: justify;\">La regidora de la comisi\u00f3n de Planeaci\u00f3n Municipal, Jacqueline Armend\u00e1riz, indic\u00f3 que el COPLADEM deber\u00e1 administrar el presupuesto asignado por la federaci\u00f3n, ya que es producto de un consejo de participaci\u00f3n ciudadana y de un ejercicio de planeaci\u00f3n estrat\u00e9gica de la administraci\u00f3n p\u00fablica municipal.<\/p>\n<p style=\"text-align: justify;\">El COPLADEM deber\u00e1 validar propuestas de estudios, obras, programas, proyectos y acciones del gobierno municipal que tengan incidencia directa en las zonas de alta prioridad por sus condiciones de vulnerabilidad.<\/p>\n","protected":false},"excerpt":{"rendered":"","protected":false},"author":4,"featured_media":10283,"comment_status":"open","ping_status":"open","sticky":false,"template":"","format":"standard","meta":{"_acf_changed":false,"_monsterinsights_skip_tracking":false,"slim_seo":{"title":"Cabildo aprueba integraci\u00f3n de COPLADEM - Opini\u00f3n P\u00fablica","description":"El Ayuntamiento de Ciudad Ju\u00e1rez aprob\u00f3 por mayor\u00eda de votos, integrar el Comit\u00e9 de Planeaci\u00f3n para el Desarrollo Municipal (COPLADEM) en esta frontera. Durante"},"footnotes":""},"categories":[5],"tags":[],"class_list":["post-10284","post","type-post","status-publish","format-standard","has-post-thumbnail","hentry","category-frontera"],"acf":[],"_links":{"self":[{"href":"https:\/\/www.opinionpublica.tv\/portada\/wp-json\/wp\/v2\/posts\/10284","targetHints":{"allow":["GET"]}}],"collection":[{"href":"https:\/\/www.opinionpublica.tv\/portada\/wp-json\/wp\/v2\/posts"}],"about":[{"href":"https:\/\/www.opinionpublica.tv\/portada\/wp-json\/wp\/v2\/types\/post"}],"author":[{"embeddable":true,"href":"https:\/\/www.opinionpublica.tv\/portada\/wp-json\/wp\/v2\/users\/4"}],"replies":[{"embeddable":true,"href":"https:\/\/www.opinionpublica.tv\/portada\/wp-json\/wp\/v2\/comments?post=10284"}],"version-history":[{"count":0,"href":"https:\/\/www.opinionpublica.tv\/portada\/wp-json\/wp\/v2\/posts\/10284\/revisions"}],"wp:featuredmedia":[{"embeddable":true,"href":"https:\/\/www.opinionpublica.tv\/portada\/wp-json\/wp\/v2\/media\/10283"}],"wp:attachment":[{"href":"https:\/\/www.opinionpublica.tv\/portada\/wp-json\/wp\/v2\/media?parent=10284"}],"wp:term":[{"taxonomy":"category","embeddable":true,"href":"https:\/\/www.opinionpublica.tv\/portada\/wp-json\/wp\/v2\/categories?post=10284"},{"taxonomy":"post_tag","embeddable":true,"href":"https:\/\/www.opinionpublica.tv\/portada\/wp-json\/wp\/v2\/tags?post=10284"}],"curies":[{"name":"wp","href":"https:\/\/api.w.org\/{rel}","templated":true}]}}