{"id":10207,"date":"2016-12-16T07:00:00","date_gmt":"2016-12-16T06:00:00","guid":{"rendered":"https:\/\/www.opinionpublica.tv\/portada\/2016\/12\/16\/ford-vende-20-mas-este-ano-en-mexico\/"},"modified":"2016-12-16T07:00:00","modified_gmt":"2016-12-16T06:00:00","slug":"ford-vende-20-mas-este-ano-en-mexico","status":"publish","type":"post","link":"https:\/\/www.opinionpublica.tv\/portada\/ford-vende-20-mas-este-ano-en-mexico\/","title":{"rendered":"Ford vende 20% m\u00e1s este a\u00f1o en M\u00e9xico"},"content":{"rendered":"<p><img fetchpriority=\"high\" decoding=\"async\" class=\" size-full wp-image-10206\" src=\"https:\/\/www.opinionpublica.tv\/portada\/wp-content\/uploads\/2016\/12\/4347e310402ba43582a0bf8cb21e0c5b.jpg\" alt=\"\" width=\"876\" height=\"535\" srcset=\"https:\/\/www.opinionpublica.tv\/portada\/wp-content\/uploads\/2016\/12\/4347e310402ba43582a0bf8cb21e0c5b.jpg 876w, https:\/\/www.opinionpublica.tv\/portada\/wp-content\/uploads\/2016\/12\/4347e310402ba43582a0bf8cb21e0c5b-300x183.jpg 300w, https:\/\/www.opinionpublica.tv\/portada\/wp-content\/uploads\/2016\/12\/4347e310402ba43582a0bf8cb21e0c5b-768x469.jpg 768w\" sizes=\"(max-width: 876px) 100vw, 876px\" \/><br \/>\n<!--more--><\/p>\n<div style=\"text-align: justify;\">Ford cerrar\u00e1 2016 con un incremento de 20% en sus ventas en M\u00e9xico, gracias al fortalecimiento de su oferta \u2014con el modelo Figo, que gener\u00f3 el mayor volumen de ventas\u2014, y a algunos productos de nicho \u2014como el Fusion h\u00edbrido, que tenido una alta demanda en el centro del pa\u00eds\u2014.<\/div>\n<p style=\"text-align: justify;\">Antes de Figo, Ford participaba en el segmento de los compactos con el modelo Fiesta, un veh\u00edculo con buen nivel de equipamiento \u2014todas las versiones tienen bolsas de aire, por ejemplo\u2014, pero que superaba en precio a otros modelos como el Gol de Volkswagen, el Spark de Chevrolet o el March de Nissan.<\/p>\n<p style=\"text-align: justify;\">\u201cAhora Figo se ha convertido en uno de los motores del crecimiento de la marca\u00bb, dijo Gabriel L\u00f3pez, presidente y director general de Ford de M\u00e9xico.<\/p>\n<p style=\"text-align: justify;\">Con el lanzamiento del Fusion h\u00edbrido, Ford aprovech\u00f3 el furor por este tipo de modelos en la Zona Metropolitana del Valle de M\u00e9xico. \u201cTras la contingencia ambiental, vimos mayor inter\u00e9s del consumidor mexicano por los modelos h\u00edbridos\u201d, explic\u00f3 el directivo.<\/p>\n<p style=\"text-align: justify;\">Ford ha vendido alrededor de 400 unidades del Fusion h\u00edbrido. \u201cEl auto se ha posicionado bien. Aunque no es la oferta m\u00e1s econ\u00f3mica del segmento, combina prestaciones de un sed\u00e1n de alta gama con la ventaja de poder circular todos los d\u00edas\u201d, dijo L\u00f3pez.<\/p>\n<p style=\"text-align: justify;\">Adem\u00e1s, Ford increment\u00f3 su presencia en el segmento de las SUV con el lanzamiento de la versi\u00f3n sport de la camioneta Edge. Ya representa 50% de las ventas de ese modelo.<\/p>\n<p style=\"text-align: justify;\">Con informaci\u00f3n de Expansi\u00f3n<\/p>\n","protected":false},"excerpt":{"rendered":"","protected":false},"author":1,"featured_media":10206,"comment_status":"open","ping_status":"open","sticky":false,"template":"","format":"standard","meta":{"_acf_changed":false,"_monsterinsights_skip_tracking":false,"slim_seo":{"title":"Ford vende 20% m\u00e1s este a\u00f1o en M\u00e9xico - Opini\u00f3n P\u00fablica","description":"Ford cerrar\u00e1 2016 con un incremento de 20% en sus ventas en M\u00e9xico, gracias al fortalecimiento de su oferta \u2014con el modelo Figo, que gener\u00f3 el mayor volumen de"},"footnotes":""},"categories":[9],"tags":[],"class_list":["post-10207","post","type-post","status-publish","format-standard","has-post-thumbnail","hentry","category-nacional"],"acf":[],"_links":{"self":[{"href":"https:\/\/www.opinionpublica.tv\/portada\/wp-json\/wp\/v2\/posts\/10207","targetHints":{"allow":["GET"]}}],"collection":[{"href":"https:\/\/www.opinionpublica.tv\/portada\/wp-json\/wp\/v2\/posts"}],"about":[{"href":"https:\/\/www.opinionpublica.tv\/portada\/wp-json\/wp\/v2\/types\/post"}],"author":[{"embeddable":true,"href":"https:\/\/www.opinionpublica.tv\/portada\/wp-json\/wp\/v2\/users\/1"}],"replies":[{"embeddable":true,"href":"https:\/\/www.opinionpublica.tv\/portada\/wp-json\/wp\/v2\/comments?post=10207"}],"version-history":[{"count":0,"href":"https:\/\/www.opinionpublica.tv\/portada\/wp-json\/wp\/v2\/posts\/10207\/revisions"}],"wp:featuredmedia":[{"embeddable":true,"href":"https:\/\/www.opinionpublica.tv\/portada\/wp-json\/wp\/v2\/media\/10206"}],"wp:attachment":[{"href":"https:\/\/www.opinionpublica.tv\/portada\/wp-json\/wp\/v2\/media?parent=10207"}],"wp:term":[{"taxonomy":"category","embeddable":true,"href":"https:\/\/www.opinionpublica.tv\/portada\/wp-json\/wp\/v2\/categories?post=10207"},{"taxonomy":"post_tag","embeddable":true,"href":"https:\/\/www.opinionpublica.tv\/portada\/wp-json\/wp\/v2\/tags?post=10207"}],"curies":[{"name":"wp","href":"https:\/\/api.w.org\/{rel}","templated":true}]}}