{"id":10183,"date":"2016-12-15T07:00:00","date_gmt":"2016-12-15T06:00:00","guid":{"rendered":"https:\/\/www.opinionpublica.tv\/portada\/2016\/12\/15\/arranca-foro-de-desarrollo-economico-y-empleo-digno\/"},"modified":"2016-12-15T07:00:00","modified_gmt":"2016-12-15T06:00:00","slug":"arranca-foro-de-desarrollo-economico-y-empleo-digno","status":"publish","type":"post","link":"https:\/\/www.opinionpublica.tv\/portada\/arranca-foro-de-desarrollo-economico-y-empleo-digno\/","title":{"rendered":"Arranca Foro de Desarrollo Econ\u00f3mico y Empleo Digno"},"content":{"rendered":"<p><img fetchpriority=\"high\" decoding=\"async\" class=\" size-full wp-image-10182\" src=\"https:\/\/www.opinionpublica.tv\/portada\/wp-content\/uploads\/2016\/12\/a5bf0f1bb7e7010befdaaab61b4e9504.jpg\" alt=\"\" width=\"640\" height=\"360\" srcset=\"https:\/\/www.opinionpublica.tv\/portada\/wp-content\/uploads\/2016\/12\/a5bf0f1bb7e7010befdaaab61b4e9504.jpg 640w, https:\/\/www.opinionpublica.tv\/portada\/wp-content\/uploads\/2016\/12\/a5bf0f1bb7e7010befdaaab61b4e9504-300x169.jpg 300w\" sizes=\"(max-width: 640px) 100vw, 640px\" \/><br \/>\n<!--more--><\/p>\n<p style=\"text-align: justify;\">Este jueves inici\u00f3 el foro de Consulta de Desarrollo Econ\u00f3mico y Empleo Digno, convocado por las secretar\u00edas de Gobierno del Estado. El Foro se realiza en el Instituto Tecnol\u00f3gico de Estudios Superiores de Monterrey, Campus Ciudad Ju\u00e1rez.<\/p>\n<p style=\"text-align: justify;\">Entre los empresarios presentes en el evento se encuentran Federico Terrazas, del grupo Cementos de Chihuahua, as\u00ed como otros l\u00edderes empresariales.<\/p>\n<p style=\"text-align: justify;\">Las mesas de trabajo abordar\u00e1n los temas como: Fortalecimiento industrial; econom\u00eda social y solidaria; innovaci\u00f3n y competitividad; formaci\u00f3n y capacitaci\u00f3n para el trabajo; mejora regulatoria; energ\u00edas limpias y renovables, y otros m\u00e1s.<\/p>\n<p style=\"text-align: justify;\">En total ser\u00e1n abordados 18 temas por los empresarios para presentar ideas e iniciativas que promuevan el desarrollo econ\u00f3mico del Estado.<\/p>\n<p style=\"text-align: justify;\">El foro es organizado por la Secretaria de Desarrollo Econ\u00f3mico e Innovaci\u00f3n, por la Secretaria de Desarrollo Social y la Secretaria del Trabajo y Previsi\u00f3n Social, y su objetivo es crear proyectos que formar\u00e1n parte del Plan Estatal de Desarrollo 2017-2021.<\/p>\n<p style=\"text-align: justify;\">Por su parte, el Presidente Municipal Armando Cabada Alv\u00eddrez, acudi\u00f3 a la inauguraci\u00f3n del evento, se\u00f1alando ante los l\u00edderes empresariales que este foro permitir\u00e1 ordenar el trabajo a realizarse el pr\u00f3ximo a\u00f1o y en la que el apoyo de la iniciativa privada ser\u00e1 fundamental para sacar los pendientes que existen debido a la carencia de recursos que afrontan los gobiernos estatal y municipal.<\/p>\n","protected":false},"excerpt":{"rendered":"","protected":false},"author":4,"featured_media":10182,"comment_status":"open","ping_status":"open","sticky":false,"template":"","format":"standard","meta":{"_acf_changed":false,"_monsterinsights_skip_tracking":false,"slim_seo":{"title":"Arranca Foro de Desarrollo Econ\u00f3mico y Empleo Digno - Opini\u00f3n P\u00fablica","description":"Este jueves inici\u00f3 el foro de Consulta de Desarrollo Econ\u00f3mico y Empleo Digno, convocado por las secretar\u00edas de Gobierno del Estado. El Foro se realiza en el In"},"footnotes":""},"categories":[5],"tags":[],"class_list":["post-10183","post","type-post","status-publish","format-standard","has-post-thumbnail","hentry","category-frontera"],"acf":[],"_links":{"self":[{"href":"https:\/\/www.opinionpublica.tv\/portada\/wp-json\/wp\/v2\/posts\/10183","targetHints":{"allow":["GET"]}}],"collection":[{"href":"https:\/\/www.opinionpublica.tv\/portada\/wp-json\/wp\/v2\/posts"}],"about":[{"href":"https:\/\/www.opinionpublica.tv\/portada\/wp-json\/wp\/v2\/types\/post"}],"author":[{"embeddable":true,"href":"https:\/\/www.opinionpublica.tv\/portada\/wp-json\/wp\/v2\/users\/4"}],"replies":[{"embeddable":true,"href":"https:\/\/www.opinionpublica.tv\/portada\/wp-json\/wp\/v2\/comments?post=10183"}],"version-history":[{"count":0,"href":"https:\/\/www.opinionpublica.tv\/portada\/wp-json\/wp\/v2\/posts\/10183\/revisions"}],"wp:featuredmedia":[{"embeddable":true,"href":"https:\/\/www.opinionpublica.tv\/portada\/wp-json\/wp\/v2\/media\/10182"}],"wp:attachment":[{"href":"https:\/\/www.opinionpublica.tv\/portada\/wp-json\/wp\/v2\/media?parent=10183"}],"wp:term":[{"taxonomy":"category","embeddable":true,"href":"https:\/\/www.opinionpublica.tv\/portada\/wp-json\/wp\/v2\/categories?post=10183"},{"taxonomy":"post_tag","embeddable":true,"href":"https:\/\/www.opinionpublica.tv\/portada\/wp-json\/wp\/v2\/tags?post=10183"}],"curies":[{"name":"wp","href":"https:\/\/api.w.org\/{rel}","templated":true}]}}