{"id":10159,"date":"2016-12-15T07:00:00","date_gmt":"2016-12-15T06:00:00","guid":{"rendered":"https:\/\/www.opinionpublica.tv\/portada\/2016\/12\/15\/icb-tendra-nuevo-edificio\/"},"modified":"2016-12-15T07:00:00","modified_gmt":"2016-12-15T06:00:00","slug":"icb-tendra-nuevo-edificio","status":"publish","type":"post","link":"https:\/\/www.opinionpublica.tv\/portada\/icb-tendra-nuevo-edificio\/","title":{"rendered":"ICB tendr\u00e1 nuevo edificio"},"content":{"rendered":"<p><img fetchpriority=\"high\" decoding=\"async\" class=\" size-full wp-image-10158\" src=\"https:\/\/www.opinionpublica.tv\/portada\/wp-content\/uploads\/2016\/12\/5001c346bed83a756cd408fda9271809.jpg\" alt=\"\" width=\"518\" height=\"325\" srcset=\"https:\/\/www.opinionpublica.tv\/portada\/wp-content\/uploads\/2016\/12\/5001c346bed83a756cd408fda9271809.jpg 518w, https:\/\/www.opinionpublica.tv\/portada\/wp-content\/uploads\/2016\/12\/5001c346bed83a756cd408fda9271809-300x188.jpg 300w\" sizes=\"(max-width: 518px) 100vw, 518px\" \/><br \/>\n<!--more--><\/p>\n<p style=\"text-align: justify;\">La Universidad Aut\u00f3noma de Ciudad Ju\u00e1rez construir\u00e1 en el Instituto de Ciencias Biom\u00e9dicas un edificio de tres niveles en el que operar\u00e1n 26 laboratorios de docencia para los programas de pregrado y posgrado.<\/p>\n<p style=\"text-align: justify;\">El jefe del Departamento de Ciencias Qu\u00edmico Biol\u00f3gicas y responsable del proyecto, el doctor Antonio de la Mora Covarrubias, inform\u00f3 que este edificio de laboratorios tendr\u00e1 un impacto en todos los programas acad\u00e9micos del instituto.<\/p>\n<p style=\"text-align: justify;\">Indic\u00f3 que los trabajos para la construcci\u00f3n de este edificio iniciar\u00e1n a fines de este mes o en los primeros d\u00edas de enero y que se proyecta que entre en funcionamiento en el semestre agosto-diciembre de 2017.<\/p>\n<p style=\"text-align: justify;\">El edificio tendr\u00e1 3 mil metros cuadrados de construcci\u00f3n. En el primer nivel se tendr\u00e1n nueve laboratorios que ser\u00e1n destinados para la Academia de Microbiolog\u00eda, el segundo nivel tendr\u00e1 tambi\u00e9n nueve laboratorios y ser\u00e1n para la Academia de Bioqu\u00edmica y el tercer nivel contar\u00e1 con ocho laboratorios para los programas de posgrado.<\/p>\n<p style=\"text-align: justify;\">El doctor De la Mora Covarrubias indic\u00f3 que con esta obra se apoyar\u00e1n todos los programas de pregrado como M\u00e9dico Cirujano, Cirujano Dentista, Qu\u00edmica, Biolog\u00eda, Nutrici\u00f3n, Enfermer\u00eda Entrenamiento Deportivo, Veterinaria, Qu\u00edmico Farmac\u00e9utico Bi\u00f3logo, ya que en todas estas carreras se imparten las materias de microbiolog\u00eda y bioqu\u00edmica.<\/p>\n","protected":false},"excerpt":{"rendered":"","protected":false},"author":1,"featured_media":10158,"comment_status":"open","ping_status":"open","sticky":false,"template":"","format":"standard","meta":{"_acf_changed":false,"_monsterinsights_skip_tracking":false,"slim_seo":{"title":"ICB tendr\u00e1 nuevo edificio - Opini\u00f3n P\u00fablica","description":"La Universidad Aut\u00f3noma de Ciudad Ju\u00e1rez construir\u00e1 en el Instituto de Ciencias Biom\u00e9dicas un edificio de tres niveles en el que operar\u00e1n 26 laboratorios de doc"},"footnotes":""},"categories":[5],"tags":[],"class_list":["post-10159","post","type-post","status-publish","format-standard","has-post-thumbnail","hentry","category-frontera"],"acf":[],"_links":{"self":[{"href":"https:\/\/www.opinionpublica.tv\/portada\/wp-json\/wp\/v2\/posts\/10159","targetHints":{"allow":["GET"]}}],"collection":[{"href":"https:\/\/www.opinionpublica.tv\/portada\/wp-json\/wp\/v2\/posts"}],"about":[{"href":"https:\/\/www.opinionpublica.tv\/portada\/wp-json\/wp\/v2\/types\/post"}],"author":[{"embeddable":true,"href":"https:\/\/www.opinionpublica.tv\/portada\/wp-json\/wp\/v2\/users\/1"}],"replies":[{"embeddable":true,"href":"https:\/\/www.opinionpublica.tv\/portada\/wp-json\/wp\/v2\/comments?post=10159"}],"version-history":[{"count":0,"href":"https:\/\/www.opinionpublica.tv\/portada\/wp-json\/wp\/v2\/posts\/10159\/revisions"}],"wp:featuredmedia":[{"embeddable":true,"href":"https:\/\/www.opinionpublica.tv\/portada\/wp-json\/wp\/v2\/media\/10158"}],"wp:attachment":[{"href":"https:\/\/www.opinionpublica.tv\/portada\/wp-json\/wp\/v2\/media?parent=10159"}],"wp:term":[{"taxonomy":"category","embeddable":true,"href":"https:\/\/www.opinionpublica.tv\/portada\/wp-json\/wp\/v2\/categories?post=10159"},{"taxonomy":"post_tag","embeddable":true,"href":"https:\/\/www.opinionpublica.tv\/portada\/wp-json\/wp\/v2\/tags?post=10159"}],"curies":[{"name":"wp","href":"https:\/\/api.w.org\/{rel}","templated":true}]}}