{"id":10153,"date":"2016-12-15T07:00:00","date_gmt":"2016-12-15T06:00:00","guid":{"rendered":"https:\/\/www.opinionpublica.tv\/portada\/2016\/12\/15\/diputado-renuncia-al-pri-para-candidatura-independiente\/"},"modified":"2016-12-15T07:00:00","modified_gmt":"2016-12-15T06:00:00","slug":"diputado-renuncia-al-pri-para-candidatura-independiente","status":"publish","type":"post","link":"https:\/\/www.opinionpublica.tv\/portada\/diputado-renuncia-al-pri-para-candidatura-independiente\/","title":{"rendered":"Diputado renuncia al PRI para candidatura independiente"},"content":{"rendered":"<p><img fetchpriority=\"high\" decoding=\"async\" class=\" size-full wp-image-10152\" src=\"https:\/\/www.opinionpublica.tv\/portada\/wp-content\/uploads\/2016\/12\/75ea2416c760caddf784a1b711592dc7.jpg\" alt=\"\" width=\"615\" height=\"432\" srcset=\"https:\/\/www.opinionpublica.tv\/portada\/wp-content\/uploads\/2016\/12\/75ea2416c760caddf784a1b711592dc7.jpg 615w, https:\/\/www.opinionpublica.tv\/portada\/wp-content\/uploads\/2016\/12\/75ea2416c760caddf784a1b711592dc7-300x211.jpg 300w\" sizes=\"(max-width: 615px) 100vw, 615px\" \/><br \/>\n<!--more--><\/p>\n<div style=\"text-align: justify;\">El diputado federal Javier Guerrero renunci\u00f3 al PRI y, tras acusar que el partido est\u00e1 secuestrado por intereses de grupo, anunci\u00f3 que en 2017 competir\u00e1 por el gobierno de Coahuila como candidato independiente.<\/div>\n<p style=\"text-align: justify;\">\u201cEl rechazo ciudadano a la continuidad, la ausencia de rendici\u00f3n de cuentas y la falta de convicci\u00f3n democr\u00e1tica de quienes toman las decisiones en el estado y en el partido mantienen asfixiada la vida interna del PRI y cancelado cualquier proceso de movilidad y de reconocimiento a los liderazgos naturales, en todos los niveles del trabajo cotidiano en la organizaci\u00f3n\u201d, dijo este mi\u00e9rcoles en conferencia de prensa.<\/p>\n<p style=\"text-align: justify;\">Tambi\u00e9n acus\u00f3 a la dirigencia estatal del PRI de ya tener un candidato definido, con lo cual, afirm\u00f3, se cancela la posibilidad de una contienda interna para decidir qui\u00e9n buscar\u00e1 suceder a Rub\u00e9n Moreira en el gobierno de la entidad.<\/p>\n<p style=\"text-align: justify;\">\u201cNo puedo ser incongruente con lo que he defendido en mis casi cuatro d\u00e9cadas de militancia en Coahuila, el PRI no es lo que yo y muchos priistas luchamos por construir como alternativa real de la defensa de los intereses ciudadanos\u201d, se\u00f1al\u00f3.<\/p>\n<p style=\"text-align: justify;\">Guerrero, quien ha sido diputado en cuatro ocasiones, es militante del PRI desde los 18 a\u00f1os. En 1988, fue electo alcalde de San Pedro de las Colonias y lleg\u00f3 a ocupar la dirigencia estatal del partido.<\/p>\n<p style=\"text-align: justify;\">Informaci\u00f3n de Expansi\u00f3n<\/p>\n","protected":false},"excerpt":{"rendered":"","protected":false},"author":1,"featured_media":10152,"comment_status":"open","ping_status":"open","sticky":false,"template":"","format":"standard","meta":{"_acf_changed":false,"_monsterinsights_skip_tracking":false,"slim_seo":{"title":"Diputado renuncia al PRI para candidatura independiente - Opini\u00f3n P\u00fablica","description":"El diputado federal Javier Guerrero renunci\u00f3 al PRI y, tras acusar que el partido est\u00e1 secuestrado por intereses de grupo, anunci\u00f3 que en 2017 competir\u00e1 por el"},"footnotes":""},"categories":[9],"tags":[],"class_list":["post-10153","post","type-post","status-publish","format-standard","has-post-thumbnail","hentry","category-nacional"],"acf":[],"_links":{"self":[{"href":"https:\/\/www.opinionpublica.tv\/portada\/wp-json\/wp\/v2\/posts\/10153","targetHints":{"allow":["GET"]}}],"collection":[{"href":"https:\/\/www.opinionpublica.tv\/portada\/wp-json\/wp\/v2\/posts"}],"about":[{"href":"https:\/\/www.opinionpublica.tv\/portada\/wp-json\/wp\/v2\/types\/post"}],"author":[{"embeddable":true,"href":"https:\/\/www.opinionpublica.tv\/portada\/wp-json\/wp\/v2\/users\/1"}],"replies":[{"embeddable":true,"href":"https:\/\/www.opinionpublica.tv\/portada\/wp-json\/wp\/v2\/comments?post=10153"}],"version-history":[{"count":0,"href":"https:\/\/www.opinionpublica.tv\/portada\/wp-json\/wp\/v2\/posts\/10153\/revisions"}],"wp:featuredmedia":[{"embeddable":true,"href":"https:\/\/www.opinionpublica.tv\/portada\/wp-json\/wp\/v2\/media\/10152"}],"wp:attachment":[{"href":"https:\/\/www.opinionpublica.tv\/portada\/wp-json\/wp\/v2\/media?parent=10153"}],"wp:term":[{"taxonomy":"category","embeddable":true,"href":"https:\/\/www.opinionpublica.tv\/portada\/wp-json\/wp\/v2\/categories?post=10153"},{"taxonomy":"post_tag","embeddable":true,"href":"https:\/\/www.opinionpublica.tv\/portada\/wp-json\/wp\/v2\/tags?post=10153"}],"curies":[{"name":"wp","href":"https:\/\/api.w.org\/{rel}","templated":true}]}}