{"id":10149,"date":"2016-12-15T07:00:00","date_gmt":"2016-12-15T06:00:00","guid":{"rendered":"https:\/\/www.opinionpublica.tv\/portada\/2016\/12\/15\/es-turno-del-banco-de-mexico-elevar-sus-tasas\/"},"modified":"2016-12-15T07:00:00","modified_gmt":"2016-12-15T06:00:00","slug":"es-turno-del-banco-de-mexico-elevar-sus-tasas","status":"publish","type":"post","link":"https:\/\/www.opinionpublica.tv\/portada\/es-turno-del-banco-de-mexico-elevar-sus-tasas\/","title":{"rendered":"Es turno del Banco de M\u00e9xico elevar sus tasas"},"content":{"rendered":"<p><img fetchpriority=\"high\" decoding=\"async\" class=\" size-full wp-image-10148\" src=\"https:\/\/www.opinionpublica.tv\/portada\/wp-content\/uploads\/2016\/12\/e5671507ff8ac1aaffed73d9feb453e9.jpg\" alt=\"\" width=\"1250\" height=\"570\" srcset=\"https:\/\/www.opinionpublica.tv\/portada\/wp-content\/uploads\/2016\/12\/e5671507ff8ac1aaffed73d9feb453e9.jpg 1250w, https:\/\/www.opinionpublica.tv\/portada\/wp-content\/uploads\/2016\/12\/e5671507ff8ac1aaffed73d9feb453e9-300x137.jpg 300w, https:\/\/www.opinionpublica.tv\/portada\/wp-content\/uploads\/2016\/12\/e5671507ff8ac1aaffed73d9feb453e9-1024x467.jpg 1024w, https:\/\/www.opinionpublica.tv\/portada\/wp-content\/uploads\/2016\/12\/e5671507ff8ac1aaffed73d9feb453e9-768x350.jpg 768w\" sizes=\"(max-width: 1250px) 100vw, 1250px\" \/><br \/>\n<!--more--><\/p>\n<p style=\"text-align: justify;\">Una vez que la Reserva Federal elev\u00f3 la tasa de inter\u00e9s de referencia, los ojos del mercado est\u00e1n puestos sobre el Banco de M\u00e9xico (Banxico), que se espera mueva la tasa este jueves desde el nivel actual de 5.25%, aunque los analistas est\u00e1n divididos sobre el tama\u00f1o del aumento.<\/p>\n<p style=\"text-align: justify;\">\u201cBanco de M\u00e9xico va a subir su tasa en 25 puntos base. Es una oportunidad muy buena de alinear su estrategia para seguir a la Fed y dejar detr\u00e1s los incrementos de 2016 reaccionando a eventos geopol\u00edticos y movimientos exacerbados del tipo de cambio\u201d, dijo a <i>Expansi\u00f3n<\/i> Alejandro Padilla, director de estrategia de Renta Fija de Casa de Bolsa Banorte.<\/p>\n<p style=\"text-align: justify;\">Durante 2016, Banxico elev\u00f3 la tasa de inter\u00e9s de referencia en cuatro ocasiones desde 3.25% hasta 5.25%. Los movimientos obedecieron a la fuerte volatilidad en los mercados internacionales, la decisi\u00f3n del Reino Unido de abandonar la Uni\u00f3n Europea y la victoria de Donald Trump en las elecciones presidenciales de Estados Unidos.<\/p>\n<p style=\"text-align: justify;\">En diciembre de 2015, el banco central mexicano elev\u00f3 las tasas siguiendo el primer movimiento de la Reserva Federal en casi una d\u00e9cada.<\/p>\n<p style=\"text-align: justify;\">Ahora, con un ritmo de normalizaci\u00f3n m\u00e1s r\u00e1pido en Estados Unidos (los miembros de la Fed ven tres aumentos el pr\u00f3ximo a\u00f1o desde el nivel de 0.5-0.75% actual), se esperan m\u00e1s alzas de Banxico en l\u00ednea con su contraparte estadounidense para mantener atractivos los activos financieros de M\u00e9xico y evitar que una mayor depreciaci\u00f3n del tipo de cambio provoque mayor inflaci\u00f3n.<\/p>\n<p style=\"text-align: justify;\">\u201cHay que recordar que la econom\u00eda mexicana necesita flujos extranjeros para financiar el d\u00e9ficit en cuenta corriente y el d\u00e9ficit p\u00fablico y estaremos compitiendo con otros pa\u00edses emergentes con mayores tasas de inter\u00e9s nominales\u201d, dijo en un reporte Finamex Casa de Bolsa, que pronostica un incremento en 50 puntos base.<\/p>\n<p style=\"text-align: justify;\">\u201cEn 2017, Banxico estar\u00e1 lidiando con la reducci\u00f3n de flujos de cartera a mercados emergentes y de inversi\u00f3n extranjera directa y con mayores presiones inflacionarias\u201d, agreg\u00f3.<\/p>\n<p style=\"text-align: justify;\">El foco sobre la inflaci\u00f3n obedece a que se estima que la depreciaci\u00f3n del peso frente al d\u00f3lar y la liberalizaci\u00f3n de los precios de las gasolinas provoquen que el \u00edndice de precios al consumidor supere el objetivo de Banxico de 3% +\/- un punto porcentual.<\/p>\n<p style=\"text-align: justify;\">\u00abLa tasa de referencia podr\u00eda terminar en 5.75% derivado de la depreciaci\u00f3n cambiaria, que aumenta temores de mayor inflaci\u00f3n y para mantener la relatividad de la pol\u00edtica entre los dos pa\u00edses\u00bb, se\u00f1alaron analistas de Ve por M\u00e1s.<\/p>\n<p style=\"text-align: justify;\">Informaci\u00f3n de Expansi\u00f3n<\/p>\n","protected":false},"excerpt":{"rendered":"","protected":false},"author":1,"featured_media":10148,"comment_status":"open","ping_status":"open","sticky":false,"template":"","format":"standard","meta":{"_acf_changed":false,"_monsterinsights_skip_tracking":false,"slim_seo":{"title":"Es turno del Banco de M\u00e9xico elevar sus tasas - Opini\u00f3n P\u00fablica","description":"Una vez que la Reserva Federal elev\u00f3 la tasa de inter\u00e9s de referencia, los ojos del mercado est\u00e1n puestos sobre el Banco de M\u00e9xico (Banxico), que se espera muev"},"footnotes":""},"categories":[3],"tags":[],"class_list":["post-10149","post","type-post","status-publish","format-standard","has-post-thumbnail","hentry","category-principal"],"acf":[],"_links":{"self":[{"href":"https:\/\/www.opinionpublica.tv\/portada\/wp-json\/wp\/v2\/posts\/10149","targetHints":{"allow":["GET"]}}],"collection":[{"href":"https:\/\/www.opinionpublica.tv\/portada\/wp-json\/wp\/v2\/posts"}],"about":[{"href":"https:\/\/www.opinionpublica.tv\/portada\/wp-json\/wp\/v2\/types\/post"}],"author":[{"embeddable":true,"href":"https:\/\/www.opinionpublica.tv\/portada\/wp-json\/wp\/v2\/users\/1"}],"replies":[{"embeddable":true,"href":"https:\/\/www.opinionpublica.tv\/portada\/wp-json\/wp\/v2\/comments?post=10149"}],"version-history":[{"count":0,"href":"https:\/\/www.opinionpublica.tv\/portada\/wp-json\/wp\/v2\/posts\/10149\/revisions"}],"wp:featuredmedia":[{"embeddable":true,"href":"https:\/\/www.opinionpublica.tv\/portada\/wp-json\/wp\/v2\/media\/10148"}],"wp:attachment":[{"href":"https:\/\/www.opinionpublica.tv\/portada\/wp-json\/wp\/v2\/media?parent=10149"}],"wp:term":[{"taxonomy":"category","embeddable":true,"href":"https:\/\/www.opinionpublica.tv\/portada\/wp-json\/wp\/v2\/categories?post=10149"},{"taxonomy":"post_tag","embeddable":true,"href":"https:\/\/www.opinionpublica.tv\/portada\/wp-json\/wp\/v2\/tags?post=10149"}],"curies":[{"name":"wp","href":"https:\/\/api.w.org\/{rel}","templated":true}]}}