{"id":10125,"date":"2016-12-15T07:00:00","date_gmt":"2016-12-15T06:00:00","guid":{"rendered":"https:\/\/www.opinionpublica.tv\/portada\/2016\/12\/15\/onu-refuerza-medidas-para-que-terroristas-no-logren-armas-destruccion-masiva\/"},"modified":"2016-12-15T07:00:00","modified_gmt":"2016-12-15T06:00:00","slug":"onu-refuerza-medidas-para-que-terroristas-no-logren-armas-destruccion-masiva","status":"publish","type":"post","link":"https:\/\/www.opinionpublica.tv\/portada\/onu-refuerza-medidas-para-que-terroristas-no-logren-armas-destruccion-masiva\/","title":{"rendered":"ONU refuerza medidas para que terroristas no logren armas destrucci\u00f3n masiva"},"content":{"rendered":"<p><img fetchpriority=\"high\" decoding=\"async\" class=\" size-full wp-image-10124\" src=\"https:\/\/www.opinionpublica.tv\/portada\/wp-content\/uploads\/2016\/12\/f169ff21c6ea91c9285b31125ca4b7ba.jpg\" alt=\"\" width=\"1350\" height=\"900\" srcset=\"https:\/\/www.opinionpublica.tv\/portada\/wp-content\/uploads\/2016\/12\/f169ff21c6ea91c9285b31125ca4b7ba.jpg 1350w, https:\/\/www.opinionpublica.tv\/portada\/wp-content\/uploads\/2016\/12\/f169ff21c6ea91c9285b31125ca4b7ba-300x200.jpg 300w, https:\/\/www.opinionpublica.tv\/portada\/wp-content\/uploads\/2016\/12\/f169ff21c6ea91c9285b31125ca4b7ba-1024x683.jpg 1024w, https:\/\/www.opinionpublica.tv\/portada\/wp-content\/uploads\/2016\/12\/f169ff21c6ea91c9285b31125ca4b7ba-768x512.jpg 768w\" sizes=\"(max-width: 1350px) 100vw, 1350px\" \/><br \/>\n<!--more--><\/p>\n<p style=\"text-align: justify;\">El Consejo de Seguridad de la ONU aprob\u00f3 hoy por unanimidad una resoluci\u00f3n que refuerza las medidas en vigor para evitar que los grupos terroristas y otros actores no estatales puedan hacerse como armas de destrucci\u00f3n masiva.<\/p>\n<p style=\"text-align: justify;\">El texto, impulsado por Espa\u00f1a y respaldado por decenas de Estados miembros de Naciones Unidas, fue adoptado en una sesi\u00f3n especial presidida por el ministro espa\u00f1ol de Asuntos Exteriores y de Cooperaci\u00f3n, Alfonso Dastis.<\/p>\n<p style=\"text-align: justify;\">La resoluci\u00f3n 2325 actualiza otra, la 1540, aprobada en el a\u00f1o 2004 y que en los \u00faltimos meses ha sido objeto de una profunda revisi\u00f3n por parte de los Estados miembros.<\/p>\n<p style=\"text-align: justify;\">El documento preparado por Espa\u00f1a subraya la necesidad de \u00abreforzar\u00bb las medidas nacionales de control de materiales relacionados con armas nucleares, qu\u00edmicas y biol\u00f3gicas y llama a todos los Estados miembros a tener en cuenta los \u00abr\u00e1pidos avances en ciencia y tecnolog\u00eda\u00bb que afectan a todo ese \u00e1mbito.<\/p>\n<p style=\"text-align: justify;\">Adem\u00e1s, pide a los Gobiernos m\u00e1s esfuerzos para lograr una implementaci\u00f3n completa de la 1540, que impone a los Estados la obligaci\u00f3n de adoptar leyes para prevenir la proliferaci\u00f3n de armas de destrucci\u00f3n masiva y de establecer controles adecuados para evitar su tr\u00e1fico il\u00edcito.<\/p>\n<p style=\"text-align: justify;\">La nueva resoluci\u00f3n contiene tambi\u00e9n toda una serie de recomendaciones sobre el trabajo del comit\u00e9 del Consejo de Seguridad que se ocupa de vigilar la aplicaci\u00f3n de la 1540 y que actualmente preside el embajador espa\u00f1ol, Rom\u00e1n Oyarzun.<\/p>\n<p style=\"text-align: justify;\">Seg\u00fan la ONU, el riesgo de que armas nucleares, qu\u00edmicas o biol\u00f3gicas caigan en manos de terroristas es cada vez mayor, en buena medida por los desarrollos tecnol\u00f3gicos.<\/p>\n<p style=\"text-align: justify;\">El vicesecretario general de la ONU, Jan Eliasson, se\u00f1al\u00f3 hoy las tecnolog\u00edas de impresi\u00f3n tridimensional y los drones como ejemplo de avances que aumentan los riesgos de un ataque de este tipo.<\/p>\n<p style=\"text-align: justify;\">Tambi\u00e9n se\u00f1al\u00f3 la relaci\u00f3n entre la ciberseguridad y las armas de destrucci\u00f3n masiva y asegur\u00f3 que el \u00abescenario de pesadilla\u00bb en el que un grupo terrorista pueda \u00abpiratear\u00bb una planta nuclear y provocar una cat\u00e1strofe es real y creciente.<\/p>\n<p style=\"text-align: justify;\">Eliasson record\u00f3 que el uso de armas qu\u00edmicas por parte de los yihadistas del Estado Isl\u00e1mico (EI) en Siria es una clara muestra de la intenci\u00f3n que los grupos terroristas tienen de utilizar este tipo de armamento para causar grandes da\u00f1os.<\/p>\n<p style=\"text-align: justify;\">Por todo ello, defendi\u00f3 que herramientas como la resoluci\u00f3n 1540 necesitan ser puestas al d\u00eda y que la comunidad internacional debe seguir trabajando en su defensa colectiva ante esta \u00abcompleja red de amenazas globales\u00bb que representan las armas de destrucci\u00f3n masiva.<\/p>\n<p style=\"text-align: justify;\">EFE<\/p>\n","protected":false},"excerpt":{"rendered":"","protected":false},"author":1,"featured_media":10124,"comment_status":"open","ping_status":"open","sticky":false,"template":"","format":"standard","meta":{"_acf_changed":false,"_monsterinsights_skip_tracking":false,"slim_seo":{"title":"ONU refuerza medidas para que terroristas no logren armas destrucci\u00f3n masiva - Opini\u00f3n P\u00fablica","description":"El Consejo de Seguridad de la ONU aprob\u00f3 hoy por unanimidad una resoluci\u00f3n que refuerza las medidas en vigor para evitar que los grupos terroristas y otros acto"},"footnotes":""},"categories":[11],"tags":[],"class_list":["post-10125","post","type-post","status-publish","format-standard","has-post-thumbnail","hentry","category-tendencias"],"acf":[],"_links":{"self":[{"href":"https:\/\/www.opinionpublica.tv\/portada\/wp-json\/wp\/v2\/posts\/10125","targetHints":{"allow":["GET"]}}],"collection":[{"href":"https:\/\/www.opinionpublica.tv\/portada\/wp-json\/wp\/v2\/posts"}],"about":[{"href":"https:\/\/www.opinionpublica.tv\/portada\/wp-json\/wp\/v2\/types\/post"}],"author":[{"embeddable":true,"href":"https:\/\/www.opinionpublica.tv\/portada\/wp-json\/wp\/v2\/users\/1"}],"replies":[{"embeddable":true,"href":"https:\/\/www.opinionpublica.tv\/portada\/wp-json\/wp\/v2\/comments?post=10125"}],"version-history":[{"count":0,"href":"https:\/\/www.opinionpublica.tv\/portada\/wp-json\/wp\/v2\/posts\/10125\/revisions"}],"wp:featuredmedia":[{"embeddable":true,"href":"https:\/\/www.opinionpublica.tv\/portada\/wp-json\/wp\/v2\/media\/10124"}],"wp:attachment":[{"href":"https:\/\/www.opinionpublica.tv\/portada\/wp-json\/wp\/v2\/media?parent=10125"}],"wp:term":[{"taxonomy":"category","embeddable":true,"href":"https:\/\/www.opinionpublica.tv\/portada\/wp-json\/wp\/v2\/categories?post=10125"},{"taxonomy":"post_tag","embeddable":true,"href":"https:\/\/www.opinionpublica.tv\/portada\/wp-json\/wp\/v2\/tags?post=10125"}],"curies":[{"name":"wp","href":"https:\/\/api.w.org\/{rel}","templated":true}]}}