{"id":10088,"date":"2016-12-14T07:00:00","date_gmt":"2016-12-14T06:00:00","guid":{"rendered":"https:\/\/www.opinionpublica.tv\/portada\/2016\/12\/14\/instalan-comite-municipal-de-deportes\/"},"modified":"2016-12-14T07:00:00","modified_gmt":"2016-12-14T06:00:00","slug":"instalan-comite-municipal-de-deportes","status":"publish","type":"post","link":"https:\/\/www.opinionpublica.tv\/portada\/instalan-comite-municipal-de-deportes\/","title":{"rendered":"Instalan Comit\u00e9 Municipal de Deportes"},"content":{"rendered":"<p><img fetchpriority=\"high\" decoding=\"async\" class=\" size-full wp-image-10087\" src=\"https:\/\/www.opinionpublica.tv\/portada\/wp-content\/uploads\/2016\/12\/deb1c23ac1266e26ae32acb51b5fc544.jpg\" alt=\"\" width=\"1319\" height=\"879\" srcset=\"https:\/\/www.opinionpublica.tv\/portada\/wp-content\/uploads\/2016\/12\/deb1c23ac1266e26ae32acb51b5fc544.jpg 1319w, https:\/\/www.opinionpublica.tv\/portada\/wp-content\/uploads\/2016\/12\/deb1c23ac1266e26ae32acb51b5fc544-300x200.jpg 300w, https:\/\/www.opinionpublica.tv\/portada\/wp-content\/uploads\/2016\/12\/deb1c23ac1266e26ae32acb51b5fc544-1024x682.jpg 1024w, https:\/\/www.opinionpublica.tv\/portada\/wp-content\/uploads\/2016\/12\/deb1c23ac1266e26ae32acb51b5fc544-768x512.jpg 768w\" sizes=\"(max-width: 1319px) 100vw, 1319px\" \/><br \/>\n<!--more--><\/p>\n<p style=\"text-align: justify;\">El alcalde Armando Cabada Alv\u00eddrez, instal\u00f3 el Comit\u00e9 Municipal de Deportes y tom\u00f3 protesta a los comisionados, en sus diferentes disciplinas.<\/p>\n<p style=\"text-align: justify;\">Este consejo qued\u00f3 integrado por las regidoras Mar\u00eda del Rosario Valadez Aranda, Seidy Medina Galv\u00e1n y Martha Leticia Reyes Mart\u00ednez, as\u00ed como por los presidentes de liga municipal Aar\u00f3n Cruz, Carlos Sifuentes, David Obed Dom\u00ednguez, la Contralora Flor Cuevas y el Secretario del Ayuntamiento, Roberto Renter\u00eda.<\/p>\n<p style=\"text-align: justify;\">El alcalde encomend\u00f3 a este comit\u00e9 promover el deporte de la mejor manera y darle prioridad en todos los sentidos.<\/p>\n<p style=\"text-align: justify;\">\u201cLes encargo dar facilidades para que m\u00e1s j\u00f3venes puedan atender esto y que seamos realmente una herramienta, buscando inclusive la tranquilidad de la propia ciudad que se puede hacer desde el deporte, con el apoyo de la Presidencia Municipal\u201d, dijo el edil.<\/p>\n<p style=\"text-align: justify;\">Asimismo, el Presidente Municipal tom\u00f3 protesta a Lorenzo Soberanes, como comisionado de Box del Municipio de Ju\u00e1rez; a Patricia Buey Pe\u00f1a (La Sirenita), como comisionada de Lucha Libre; y a Francisco Javier L\u00f3pez, como el comisionado de Artes Marciales del Municipio de Ju\u00e1rez.<\/p>\n<p>\u00a0<\/p>\n","protected":false},"excerpt":{"rendered":"","protected":false},"author":1,"featured_media":10087,"comment_status":"open","ping_status":"open","sticky":false,"template":"","format":"standard","meta":{"_acf_changed":false,"_monsterinsights_skip_tracking":false,"slim_seo":{"title":"Instalan Comit\u00e9 Municipal de Deportes - Opini\u00f3n P\u00fablica","description":"El alcalde Armando Cabada Alv\u00eddrez, instal\u00f3 el Comit\u00e9 Municipal de Deportes y tom\u00f3 protesta a los comisionados, en sus diferentes disciplinas. Este consejo qued"},"footnotes":""},"categories":[5],"tags":[],"class_list":["post-10088","post","type-post","status-publish","format-standard","has-post-thumbnail","hentry","category-frontera"],"acf":[],"_links":{"self":[{"href":"https:\/\/www.opinionpublica.tv\/portada\/wp-json\/wp\/v2\/posts\/10088","targetHints":{"allow":["GET"]}}],"collection":[{"href":"https:\/\/www.opinionpublica.tv\/portada\/wp-json\/wp\/v2\/posts"}],"about":[{"href":"https:\/\/www.opinionpublica.tv\/portada\/wp-json\/wp\/v2\/types\/post"}],"author":[{"embeddable":true,"href":"https:\/\/www.opinionpublica.tv\/portada\/wp-json\/wp\/v2\/users\/1"}],"replies":[{"embeddable":true,"href":"https:\/\/www.opinionpublica.tv\/portada\/wp-json\/wp\/v2\/comments?post=10088"}],"version-history":[{"count":0,"href":"https:\/\/www.opinionpublica.tv\/portada\/wp-json\/wp\/v2\/posts\/10088\/revisions"}],"wp:featuredmedia":[{"embeddable":true,"href":"https:\/\/www.opinionpublica.tv\/portada\/wp-json\/wp\/v2\/media\/10087"}],"wp:attachment":[{"href":"https:\/\/www.opinionpublica.tv\/portada\/wp-json\/wp\/v2\/media?parent=10088"}],"wp:term":[{"taxonomy":"category","embeddable":true,"href":"https:\/\/www.opinionpublica.tv\/portada\/wp-json\/wp\/v2\/categories?post=10088"},{"taxonomy":"post_tag","embeddable":true,"href":"https:\/\/www.opinionpublica.tv\/portada\/wp-json\/wp\/v2\/tags?post=10088"}],"curies":[{"name":"wp","href":"https:\/\/api.w.org\/{rel}","templated":true}]}}