{"id":10049,"date":"2016-12-14T07:00:00","date_gmt":"2016-12-14T06:00:00","guid":{"rendered":"https:\/\/www.opinionpublica.tv\/portada\/2016\/12\/14\/video-angeles-de-victoria-s-secret-en-santa-baby\/"},"modified":"2016-12-14T07:00:00","modified_gmt":"2016-12-14T06:00:00","slug":"video-angeles-de-victoria-s-secret-en-santa-baby","status":"publish","type":"post","link":"https:\/\/www.opinionpublica.tv\/portada\/video-angeles-de-victoria-s-secret-en-santa-baby\/","title":{"rendered":"Video: \u00c1ngeles de Victoria\u2019s Secret en &#8216;Santa Baby&#8217;"},"content":{"rendered":"<p><img fetchpriority=\"high\" decoding=\"async\" class=\" size-full wp-image-10048\" src=\"https:\/\/www.opinionpublica.tv\/portada\/wp-content\/uploads\/2016\/12\/4b75a567ec7996d6caf8708aa156630f.jpg\" alt=\"\" width=\"507\" height=\"326\" srcset=\"https:\/\/www.opinionpublica.tv\/portada\/wp-content\/uploads\/2016\/12\/4b75a567ec7996d6caf8708aa156630f.jpg 507w, https:\/\/www.opinionpublica.tv\/portada\/wp-content\/uploads\/2016\/12\/4b75a567ec7996d6caf8708aa156630f-300x193.jpg 300w\" sizes=\"(max-width: 507px) 100vw, 507px\" \/><br \/>\n<!--more--><\/p>\n<p style=\"text-align: justify;\">Santa Baby: Victoria\u2019s Secret Holiday 2016&#8242;, es el comercial de lencer\u00eda m\u00e1s sexy que ver\u00e1s en Navidad \u00bfPor qu\u00e9? Por una raz\u00f3n muy simple: Los \u00c1ngeles de Victoria\u2019s Secret son las que protagonizan el anuncio con el que la marca promueve\u00a0sus sensuales piezas de ropa interior en la \u00e9poca decembrina.<\/p>\n<p>En las escenas Adriana Lima, Elsa Hosk, Josephine Skriver, Alessandra Ambrosio, Lily Aldridge y Jasmine Tookes bailan\u00a0la melod\u00eda navide\u00f1a de Eartha Kitt\u00a0y seducen a las c\u00e1mara con sus prendas.<\/p>\n<p style=\"text-align: justify;\">Algunas\u00a0de las piezas de lencer\u00eda que se roban en el show en el video estan adornadas con detalles de plumas.<\/p>\n<p style=\"text-align: justify;\">El cabello suelto de las modelos y los tacones fueron el complemento de Lima y el resto de los \u00e1ngeles de Victoria\u2019s Secret .<\/p>\n<p style=\"text-align: justify;\">Las protagonistas del comercial de Navidad m\u00e1s sexy de 2016 brillaron en el Victoria&#8217;s Secret Fashion Show que por primera vez se realiz\u00f3 en Par\u00eds.<\/p>\n<div class=\"k2_video\"><iframe title=\"Santa Baby: Victoria\u2019s Secret Holiday 2016\" width=\"800\" height=\"450\" src=\"https:\/\/www.youtube.com\/embed\/b5A36JAUdb0?feature=oembed\" frameborder=\"0\" allow=\"accelerometer; autoplay; clipboard-write; encrypted-media; gyroscope; picture-in-picture; web-share\" referrerpolicy=\"strict-origin-when-cross-origin\" allowfullscreen><\/iframe>\n<\/div>\n","protected":false},"excerpt":{"rendered":"","protected":false},"author":1,"featured_media":10048,"comment_status":"open","ping_status":"open","sticky":false,"template":"","format":"standard","meta":{"_acf_changed":false,"_monsterinsights_skip_tracking":false,"slim_seo":{"title":"Video: \u00c1ngeles de Victoria\u2019s Secret en 'Santa Baby' - Opini\u00f3n P\u00fablica","description":"Santa Baby: Victoria\u2019s Secret Holiday 2016', es el comercial de lencer\u00eda m\u00e1s sexy que ver\u00e1s en Navidad \u00bfPor qu\u00e9? Por una raz\u00f3n muy simple: Los \u00c1ngeles de Victor"},"footnotes":""},"categories":[13],"tags":[],"class_list":["post-10049","post","type-post","status-publish","format-standard","has-post-thumbnail","hentry","category-videos-destacados-contenido"],"acf":[],"_links":{"self":[{"href":"https:\/\/www.opinionpublica.tv\/portada\/wp-json\/wp\/v2\/posts\/10049","targetHints":{"allow":["GET"]}}],"collection":[{"href":"https:\/\/www.opinionpublica.tv\/portada\/wp-json\/wp\/v2\/posts"}],"about":[{"href":"https:\/\/www.opinionpublica.tv\/portada\/wp-json\/wp\/v2\/types\/post"}],"author":[{"embeddable":true,"href":"https:\/\/www.opinionpublica.tv\/portada\/wp-json\/wp\/v2\/users\/1"}],"replies":[{"embeddable":true,"href":"https:\/\/www.opinionpublica.tv\/portada\/wp-json\/wp\/v2\/comments?post=10049"}],"version-history":[{"count":0,"href":"https:\/\/www.opinionpublica.tv\/portada\/wp-json\/wp\/v2\/posts\/10049\/revisions"}],"wp:featuredmedia":[{"embeddable":true,"href":"https:\/\/www.opinionpublica.tv\/portada\/wp-json\/wp\/v2\/media\/10048"}],"wp:attachment":[{"href":"https:\/\/www.opinionpublica.tv\/portada\/wp-json\/wp\/v2\/media?parent=10049"}],"wp:term":[{"taxonomy":"category","embeddable":true,"href":"https:\/\/www.opinionpublica.tv\/portada\/wp-json\/wp\/v2\/categories?post=10049"},{"taxonomy":"post_tag","embeddable":true,"href":"https:\/\/www.opinionpublica.tv\/portada\/wp-json\/wp\/v2\/tags?post=10049"}],"curies":[{"name":"wp","href":"https:\/\/api.w.org\/{rel}","templated":true}]}}