{"id":10014,"date":"2016-12-14T07:00:00","date_gmt":"2016-12-14T06:00:00","guid":{"rendered":"https:\/\/www.opinionpublica.tv\/portada\/2016\/12\/14\/empleados-de-la-torre-eiffel-se-declaran-en-huelga\/"},"modified":"2016-12-14T07:00:00","modified_gmt":"2016-12-14T06:00:00","slug":"empleados-de-la-torre-eiffel-se-declaran-en-huelga","status":"publish","type":"post","link":"https:\/\/www.opinionpublica.tv\/portada\/empleados-de-la-torre-eiffel-se-declaran-en-huelga\/","title":{"rendered":"Empleados de la Torre Eiffel se declaran en huelga"},"content":{"rendered":"<p><img fetchpriority=\"high\" decoding=\"async\" class=\" size-full wp-image-10013\" src=\"https:\/\/www.opinionpublica.tv\/portada\/wp-content\/uploads\/2016\/12\/c511bc4cc8f01988db18a3e3ecbdb631.jpg\" alt=\"\" width=\"980\" height=\"655\" srcset=\"https:\/\/www.opinionpublica.tv\/portada\/wp-content\/uploads\/2016\/12\/c511bc4cc8f01988db18a3e3ecbdb631.jpg 980w, https:\/\/www.opinionpublica.tv\/portada\/wp-content\/uploads\/2016\/12\/c511bc4cc8f01988db18a3e3ecbdb631-300x201.jpg 300w, https:\/\/www.opinionpublica.tv\/portada\/wp-content\/uploads\/2016\/12\/c511bc4cc8f01988db18a3e3ecbdb631-768x513.jpg 768w\" sizes=\"(max-width: 980px) 100vw, 980px\" \/><br \/>\n<!--more--><\/p>\n<p style=\"text-align: justify;\">La Torre Eiffel, lleva dos d\u00edas consecutivos cerrada por la huelga que mantiene alrededor de 300 integrantes de la n\u00f3mina trabajadora de la \u2018Dama de Hierro\u2019, en la Ciudad Luz: empleados argumentan \u2018falta de di\u00e1logo con la direcci\u00f3n de la Sociedad de Explotaci\u00f3n de la estructura (SETE).<\/p>\n<p style=\"text-align: justify;\">Trabajadores no han sido recibidos por la direcci\u00f3n de la empresa p\u00fablica.<\/p>\n<p style=\"text-align: justify;\">Este mi\u00e9rcoles 14 de diciembre las autoridades capitalinas ten\u00edan previsto que la alcaldesa de Par\u00eds, Anne Hidalgo, inaugurara una pista de patinaje que se instalar\u00eda en el primer nivel de la torre, misma que fue clausurada ayer, martes, al p\u00fablico en general por vez primera al declararse oficial la huelga que protagonizan los empleados del recinto hist\u00f3rico.<\/p>\n<blockquote>\n<p>Representantes del sindicato se quejan de la ausencia de transparencia sobre las decisiones tomadas para las estrategias de la direcci\u00f3n y mantenimiento de la torre, que no atender\u00eda las demandas de los trabajadores; la queja va dirigida, particularmente, hacia una campa\u00f1a de pintura en el monumento prevista para el oto\u00f1o del a\u00f1o pr\u00f3ximo\u201d: no llegan a acuerdo alguno.<\/p>\n<\/blockquote>\n<p style=\"text-align: justify;\">Por ende, en los \u00faltimos meses de este 2016, los empleados de la Tour Eiffel se han declarado en huelga en varias ocasiones por motivos de \u00edndole interna-laboral; en este sentido, los \u00faltimos meses del a\u00f1o, la construcci\u00f3n creada por el ingeniero franc\u00e9s Alexandre Gustave Eiffel recibe, aproximadamente, a seis mil visitantes diarios en promedio\u2026<\/p>\n","protected":false},"excerpt":{"rendered":"","protected":false},"author":1,"featured_media":10013,"comment_status":"open","ping_status":"open","sticky":false,"template":"","format":"standard","meta":{"_acf_changed":false,"_monsterinsights_skip_tracking":false,"slim_seo":{"title":"Empleados de la Torre Eiffel se declaran en huelga - Opini\u00f3n P\u00fablica","description":"La Torre Eiffel, lleva dos d\u00edas consecutivos cerrada por la huelga que mantiene alrededor de 300 integrantes de la n\u00f3mina trabajadora de la \u2018Dama de Hierro\u2019, en"},"footnotes":""},"categories":[11],"tags":[],"class_list":["post-10014","post","type-post","status-publish","format-standard","has-post-thumbnail","hentry","category-tendencias"],"acf":[],"_links":{"self":[{"href":"https:\/\/www.opinionpublica.tv\/portada\/wp-json\/wp\/v2\/posts\/10014","targetHints":{"allow":["GET"]}}],"collection":[{"href":"https:\/\/www.opinionpublica.tv\/portada\/wp-json\/wp\/v2\/posts"}],"about":[{"href":"https:\/\/www.opinionpublica.tv\/portada\/wp-json\/wp\/v2\/types\/post"}],"author":[{"embeddable":true,"href":"https:\/\/www.opinionpublica.tv\/portada\/wp-json\/wp\/v2\/users\/1"}],"replies":[{"embeddable":true,"href":"https:\/\/www.opinionpublica.tv\/portada\/wp-json\/wp\/v2\/comments?post=10014"}],"version-history":[{"count":0,"href":"https:\/\/www.opinionpublica.tv\/portada\/wp-json\/wp\/v2\/posts\/10014\/revisions"}],"wp:featuredmedia":[{"embeddable":true,"href":"https:\/\/www.opinionpublica.tv\/portada\/wp-json\/wp\/v2\/media\/10013"}],"wp:attachment":[{"href":"https:\/\/www.opinionpublica.tv\/portada\/wp-json\/wp\/v2\/media?parent=10014"}],"wp:term":[{"taxonomy":"category","embeddable":true,"href":"https:\/\/www.opinionpublica.tv\/portada\/wp-json\/wp\/v2\/categories?post=10014"},{"taxonomy":"post_tag","embeddable":true,"href":"https:\/\/www.opinionpublica.tv\/portada\/wp-json\/wp\/v2\/tags?post=10014"}],"curies":[{"name":"wp","href":"https:\/\/api.w.org\/{rel}","templated":true}]}}